{"id":5638,"date":"2023-01-04T10:14:17","date_gmt":"2023-01-04T13:14:17","guid":{"rendered":"https:\/\/aguaslindasnoticias.com.br\/index.php\/2023\/01\/04\/lancamento-do-projeto-gama-criativo\/"},"modified":"2023-01-04T10:14:17","modified_gmt":"2023-01-04T13:14:17","slug":"lancamento-do-projeto-gama-criativo","status":"publish","type":"post","link":"https:\/\/aguaslindasnoticias.com.br\/index.php\/2023\/01\/04\/lancamento-do-projeto-gama-criativo\/","title":{"rendered":"Lan\u00e7amento do projeto Gama Criativo"},"content":{"rendered":"\n<figure class=\"wp-block-image size-large\"><img decoding=\"async\" src=\"http:\/\/claricegulyas.com.br\/wp-content\/uploads\/2022\/05\/Equipe-Gama-Criativo-3-arquivo-pessoal-1024x490.jpeg\" alt=\"\" class=\"wp-image-10206\"\/><\/figure>\n\n\n\n<p><strong>Gama Criativo em movimento<\/strong><br><em>Artesanato e espet\u00e1culos dar\u00e3o o tom do projeto<\/em><\/p>\n\n\n\n<p>Na quarta (18\/05), a partir das 10h, o projeto Gama Criativo ser\u00e1 lan\u00e7ado &nbsp;em frente \u00e0 Escola Classe 06 (EQ 09\/19 \u00c1rea Especial do Setor Oeste do Gama).&nbsp; V\u00e1rios artes\u00e3os do Gama estar\u00e3o presentes com os seus produtos. A iniciativa visa estimular a economia criativa daquela regi\u00e3o administrativa por meio de &nbsp;por meio de espet\u00e1culos, exposi\u00e7\u00e3o e venda de artesanato. O projeto conta com patroc\u00ednio do FAC\/DF.<\/p>\n\n\n\n<p>O Gama Criativo realizar\u00e1 seis feiras, sendo uma por m\u00eas, e ir\u00e1 contratar doze grupos do DF e entorno, sendo que dois se apresentar\u00e3o em cada edi\u00e7\u00e3o da feira.<\/p>\n\n\n\n<p>A proponente do projeto, Maria Celma Tavares, fala que o evento fornecer\u00e1 espa\u00e7o aos produtores de artesanato, design e moda para exporem e venderem seus produtos.<\/p>\n\n\n\n<p>&#8220;Pretendemos contar com 20 expositores e selecionar espet\u00e1culos culturais de grupos da cidade do Gama, oferecendo cultura, lazer e divers\u00e3o a esse segmento da sociedade caracterizado pela baixa renda e pelo pequeno acesso \u00e0s atividades l\u00fadico-culturais&#8221;, disse Maria Celma.<\/p>\n\n\n\n<p>A artes\u00e3 e idealizadora do Gama Criativo e filha da proponente, J\u00e9ssica Tavares, &nbsp;afirma que o Gama possui artes\u00e3os muito talentosos. &#8220;Agora j\u00e1 possu\u00edmos uma associa\u00e7\u00e3o e estamos confiantes que a qualidade de nosso trabalho e nossa&nbsp;uni\u00e3o nos levar\u00e1 mais longe&#8221;, apontou.<\/p>\n\n\n\n<p>Ela tamb\u00e9m relembrou que o projeto Gama Criativo teve sua primeira a\u00e7\u00e3o no m\u00eas de agosto de 2019. Surgiu da uni\u00e3o de um grupo de artes\u00e3os independentes do Gama.<\/p>\n\n\n\n<p>&#8220;Naquele ano o grupo formado por cerca de &nbsp;25 artes\u00e3os, coordenados por mim, realizou em tr\u00eas s\u00e1bados alternados uma Feira de artesanato no estacionamento do Teatro Galp\u00e3ozinho. Infelizmente, devido aos custos e dificuldades estruturais n\u00e3o foi poss\u00edvel retomar as atividades nos meses seguintes. Foi \u00f3timo! Nos tr\u00eas eventos houve exposi\u00e7\u00e3o e venda de produtos artesanais, espa\u00e7o gourmet e atra\u00e7\u00f5es voltadas ao p\u00fablico infantil&#8221;, explicou J\u00e9ssica.<\/p>\n\n\n\n<p><strong>Chamamento<\/strong><br>No dia do lan\u00e7amento, ser\u00e1 divulgado um chamamento de artistas e grupos no processo de sele\u00e7\u00e3o.&nbsp; As inscri\u00e7\u00f5es ser\u00e3o analisadas por profissionais de not\u00f3rio saber na \u00e1rea art\u00edstica. O processo inscri\u00e7\u00e3o e sele\u00e7\u00e3o de atra\u00e7\u00f5es garante a transpar\u00eancia na realiza\u00e7\u00e3o do interc\u00e2mbio. O processo seletivo \u00e9 uma forma de garantir qualidade na programa\u00e7\u00e3o e dar visibilidade e repercuss\u00e3o para a iniciativa, despertando interesse por parte do grande p\u00fablico e gerando a possibilidade de haver outras edi\u00e7\u00f5es do projeto com a proposta de ser uma atra\u00e7\u00e3o para as cidades de periodicidade anual.<\/p>\n\n\n\n<p><strong>S\u00e9timo Festineco<\/strong><br>O Gama Criativo fez uma parceria com o 7\u00ba Festival de Bonecos do Gama e far\u00e1 o &nbsp;lan\u00e7amento dentro da programa\u00e7\u00e3o de abertura daquele outro evento. A abertura contar\u00e1 com desfile de bonecos gigantes, Bateria da Escola de Samba Mocidade do Gama e apresenta\u00e7\u00f5es art\u00edsticas a partir das 10h.&nbsp;<br><strong><br>Servi\u00e7o:<\/strong><br>O qu\u00ea:&nbsp;<strong>Lan\u00e7amento do Gama Criativo &#8211; iniciativa que realizar\u00e1 seis feiras de economia criativa, sendo uma por m\u00eas e contar\u00e1 com espet\u00e1culos, exposi\u00e7\u00e3o e venda de artesanato<\/strong><br>Quando:&nbsp;<strong>Na quarta (18\/05), a partir das 10h<\/strong><br>Onde:&nbsp;<strong>Em frente \u00e0 Escola Classe 06 (EQ 09\/19 \u00c1rea Especial do Setor Oeste do Gama).&nbsp; V\u00e1rios artes\u00e3os do Gama estar\u00e3o presentes com os seus produtos.<\/strong><br><strong>O projeto conta com patroc\u00ednio do FAC\/DF.<\/strong><\/p>\n\n\n\n<p><strong>Informa\u00e7\u00f5es<\/strong>: J\u00e9ssica Tavares (61 98440-8557)<\/p>\n","protected":false},"excerpt":{"rendered":"<p>Gama Criativo em movimentoArtesanato e espet\u00e1culos dar\u00e3o o tom do projeto Na quarta (18\/05), a partir das 10h, o projeto Gama Criativo ser\u00e1 lan\u00e7ado &nbsp;em frente \u00e0 Escola Classe 06 (EQ 09\/19 \u00c1rea Especial do Setor Oeste do Gama).&nbsp; V\u00e1rios artes\u00e3os do Gama estar\u00e3o presentes com os seus produtos. A iniciativa visa estimular a economia [&hellip;]<\/p>\n","protected":false},"author":1,"featured_media":0,"comment_status":"open","ping_status":"open","sticky":false,"template":"","format":"standard","meta":{"footnotes":""},"categories":[],"tags":[],"class_list":["post-5638","post","type-post","status-publish","format-standard","hentry"],"_links":{"self":[{"href":"https:\/\/aguaslindasnoticias.com.br\/index.php\/wp-json\/wp\/v2\/posts\/5638","targetHints":{"allow":["GET"]}}],"collection":[{"href":"https:\/\/aguaslindasnoticias.com.br\/index.php\/wp-json\/wp\/v2\/posts"}],"about":[{"href":"https:\/\/aguaslindasnoticias.com.br\/index.php\/wp-json\/wp\/v2\/types\/post"}],"author":[{"embeddable":true,"href":"https:\/\/aguaslindasnoticias.com.br\/index.php\/wp-json\/wp\/v2\/users\/1"}],"replies":[{"embeddable":true,"href":"https:\/\/aguaslindasnoticias.com.br\/index.php\/wp-json\/wp\/v2\/comments?post=5638"}],"version-history":[{"count":0,"href":"https:\/\/aguaslindasnoticias.com.br\/index.php\/wp-json\/wp\/v2\/posts\/5638\/revisions"}],"wp:attachment":[{"href":"https:\/\/aguaslindasnoticias.com.br\/index.php\/wp-json\/wp\/v2\/media?parent=5638"}],"wp:term":[{"taxonomy":"category","embeddable":true,"href":"https:\/\/aguaslindasnoticias.com.br\/index.php\/wp-json\/wp\/v2\/categories?post=5638"},{"taxonomy":"post_tag","embeddable":true,"href":"https:\/\/aguaslindasnoticias.com.br\/index.php\/wp-json\/wp\/v2\/tags?post=5638"}],"curies":[{"name":"wp","href":"https:\/\/api.w.org\/{rel}","templated":true}]}}