{"id":5637,"date":"2023-01-04T10:14:17","date_gmt":"2023-01-04T13:14:17","guid":{"rendered":"https:\/\/aguaslindasnoticias.com.br\/index.php\/2023\/01\/04\/lilia-diniz-faz-show-de-lancamento-de-miolo-de-pote-em-cantigas-e-versos\/"},"modified":"2023-01-04T10:14:17","modified_gmt":"2023-01-04T13:14:17","slug":"lilia-diniz-faz-show-de-lancamento-de-miolo-de-pote-em-cantigas-e-versos","status":"publish","type":"post","link":"https:\/\/aguaslindasnoticias.com.br\/index.php\/2023\/01\/04\/lilia-diniz-faz-show-de-lancamento-de-miolo-de-pote-em-cantigas-e-versos\/","title":{"rendered":"L\u00edlia Diniz faz show de lan\u00e7amento de \u201cMiolo de Pote em Cantigas e Versos\u201d"},"content":{"rendered":"\n<figure class=\"wp-block-image size-large\"><img decoding=\"async\" src=\"http:\/\/claricegulyas.com.br\/wp-content\/uploads\/2022\/05\/cantora-1-1024x692.png\" alt=\"\" class=\"wp-image-10203\"\/><figcaption>Cr\u00e9dito da foto: J\u00falio Ara\u00fajo<\/figcaption><\/figure>\n\n\n\n<p><strong>\u00c1lbum musical com cheiro de terra, mato e ful\u00f4<\/strong><\/p>\n\n\n\n<p><em>L\u00edlia Diniz faz show de lan\u00e7amento de \u201cMiolo de Pote em Cantigas e Versos\u201d<\/em><\/p>\n\n\n\n<p>No domingo (15\/05), \u00e0s 19h, o&nbsp;Teatro Sesc Paulo Autran (\u00c1rea Especial 2\/3, Taguatinga Norte), recebe em apresenta\u00e7\u00e3o \u00fanica, o lan\u00e7amento do&nbsp;\u00e1lbum de poemas e m\u00fasicas,&nbsp;<em>Miolo de Pote em Cantigas e Versos<\/em>, de Lilia Diniz. Ingressos com pre\u00e7os populares R$ 10 (meia entrada) e Censura Indicativa Livre. O \u00e1lbum \u00e9 fruto do&nbsp;<strong>Projeto Miolo de Pote em Cantigas e Versos<\/strong>, patrocinado integralmente pelo Fundo de Apoio \u00e0 Cultura do Distrito Federal-FAC\/DF.<\/p>\n\n\n\n<p>O \u00e1lbum ser\u00e1 disponibilizado em v\u00e1rias plataformas digitais como&nbsp;<em>Spotfy&nbsp;<\/em>e<em>&nbsp;Deezer.<\/em><\/p>\n\n\n\n<p>\u201cPara poder falar desse projeto temos que fazer uma viagem de volta para o ano de 2003, ano no qual a escritora L\u00edlia Diniz lan\u00e7ou, em Bras\u00edlia, o livro Miolo de Pote da Cacimba de Beber, tamb\u00e9m patrocinado pelo FAC, em sua quinta edi\u00e7\u00e3o\u201d, fala Val\u00e9ria Amorim,&nbsp;Diretora&nbsp;Executiva&nbsp;da Candi\u00e1 Produ\u00e7\u00f5es,&nbsp;proponente desse trabalho.<\/p>\n\n\n\n<p>L\u00edlia Diniz afirma que esse projeto nos faz&nbsp;revistar espa\u00e7os culturais hoje fechados, caf\u00e9s que n\u00e3o existem mais, saraus que nutriram dezenas de poetas pelo DF inteiro e saber que a Arte pulsante nesse territ\u00f3rio \u00e9 t\u00e3o diversa e po\u00e9tica, que inventa e reinventa esquina de versos nas curvas das tesourinhas, coloca a moleira &nbsp;de todos no sol radiante do nordeste, faz voar sobre as montanhas de Minas e tece uma grande colcha de retalhos, com a colorida capacidade inventiva da arte brasileira no \u00e1lbum manifestada.<\/p>\n\n\n\n<p>\u201cO \u00e1lbum de poemas e m\u00fasicas,&nbsp;<em>Miolo de Pote em Cantigas e Versos<\/em>, foi sendo gestado ao longo dessa jornada e com influ\u00eancias do Brasil profundo, mesmo tendo sido bebido nas nascentes entre os baba\u00e7uais maranhenses\u201d, diz a poeta e cantora.<\/p>\n\n\n\n<p><strong>\u201c<\/strong>Um poema recitado, um verso musicado e cantarolado, um pandeiro, um viol\u00e3o, p\u00edfanos, rabeca&#8230; e nascia em 2008 no teatro Ferreira Gullar, em Imperatriz-MA, o espet\u00e1culo L\u00edteroMusical, com a participa\u00e7\u00e3o de v\u00e1rios artistas da cidade e que veio a circular em v\u00e1rios estados brasileiros, com formatos diversos, ora com m\u00fasicos, ora com a poeta sozinha e o pandeiro, e que, agora se consolida por meio da grava\u00e7\u00e3o fonogr\u00e1fica que vai ser disponibilizada em v\u00e1rias plataformas digitais\u201d, explica L\u00edlia Diniz.<\/p>\n\n\n\n<p><strong>O \u00e1lbum<\/strong><\/p>\n\n\n\n<p><em>Miolo de Pote em Cantigas e Versos&nbsp;<\/em>conta com&nbsp;<em>2<\/em>9 faixas, com arranjos criados preciosamente pelo maestro e sanfoneiro&nbsp;<strong>Marcos Farias<\/strong>, filho da cantora&nbsp;<em>Marin\u00eas e do Sanfoneiro Abdias<\/em>. A dire\u00e7\u00e3o musical \u00e9 assinada pelo violeiro&nbsp;<strong>Cacai Nunes,<\/strong>&nbsp;no est\u00fadio Casa do Chap\u00e9u, em Sobradinho-DF. Os m\u00fasicos s\u00e3o alguns, dos v\u00e1rios, que fazem parte da trajet\u00f3ria de sucesso da artista. No Viol\u00e3o,&nbsp;<strong>Rene Bomfim<\/strong>, que \u00e9 integrante dos grupos brasilienses \u201cForr\u00f3 Paraibola\u201d e \u201cCaco de Cuia\u201d; na Rabeca, a musicista e pesquisadora de cultura popular,&nbsp;<strong>Ma\u00edsa Arantes<\/strong>; na percuss\u00e3o,&nbsp;<strong>Chiquinho Lopes e C\u00e1ssio Murilo<\/strong>; p\u00edfanos&nbsp;<strong>Kika Brand\u00e3o<\/strong>&nbsp;e; colorindo os acordes, a viola de&nbsp;<strong>Cacai Nunes.<\/strong>&nbsp;<\/p>\n\n\n\n<p>A produ\u00e7\u00e3o executiva \u00e9 assinada por&nbsp;<strong>Suene Karim<\/strong>, que atua como produtora do trabalho de L\u00edlia Diniz por mais de uma d\u00e9cada. E a&nbsp;<strong>Candi\u00e1 Produ\u00e7\u00f5es,&nbsp;<\/strong>orgulhosamente faz parte dessa hist\u00f3ria desde o in\u00edcio e, agora, por meio de sua&nbsp;<em>Diretora&nbsp;Executiva<\/em>,&nbsp;<strong>Val\u00e9ria Amorim<\/strong>, que \u00e9 a proponente desse trabalho t\u00e3o esperado tanto pelo p\u00fablico leitor, quanto pela artista.<\/p>\n\n\n\n<p><strong>O show<\/strong><\/p>\n\n\n\n<p>No palco L\u00edlia contar\u00e1 com os m\u00fasicos convidados:&nbsp; Cacai Nunes (viola brasileira e coro), Kejin do Acordeon, Rene Bomfim (viol\u00e3o), Ma\u00edsa Arantes (rabeca e coro), Kika Brand\u00e3o (coro e P\u00edfano), C\u00e1ssio Murilo (percuss\u00e3o) e Chiquinho Lopes (percuss\u00e3o).<\/p>\n\n\n\n<p>O p\u00fablico ter\u00e1 ainda a oportunidade de adquirir o&nbsp;<strong>livro em PDF, fotos, document\u00e1rio e \u00e1udios armazenados em PenDrive<\/strong>, bem como o Livro Miolo de Pote da Cacimba de Beber em formato impresso, em embalagem especial.<\/p>\n\n\n\n<p><strong>O site<br><br><\/strong>Al\u00e9m da&nbsp;<strong>grava\u00e7\u00e3o nas plataformas digitais para download<\/strong>, no site&nbsp;<strong><a href=\"http:\/\/www.liliadiniz.com.br\/\">www.liliadiniz.com.br\/<\/a>&nbsp;<\/strong>logo estar\u00e1 aberta a pr\u00e9-reserva dos produtos finais.<\/p>\n\n\n\n<p><strong>Servi\u00e7o:<br><\/strong>O qu\u00ea:&nbsp;<strong>Lan\u00e7amento do&nbsp;<\/strong><strong>\u00e1lbum de poemas e m\u00fasicas,&nbsp;<em>Miolo de Pote em Cantigas e Versos<\/em>, de Lilia Diniz pelo Projeto de nome hom\u00f4nimo.<br><\/strong>Quando:&nbsp;&nbsp;<strong>Domingo (15\/05), \u00e0s 19h<br><\/strong>Onde:&nbsp;<strong>Teatro Sesc Paulo Autran (\u00c1rea Especial 2\/3, Taguatinga Norte)<br><\/strong>Quanto<strong>: Ingressos as R$ 10,00 (meia entrada)<br><\/strong>O \u00e1lbum \u00e9 fruto do&nbsp;<strong>Projeto Miolo de Pote em Cantigas e Versos<\/strong>, patrocinado integralmente pelo Fundo de Apoio \u00e0 Cultura do Distrito Federal-FAC\/DF.<br><strong>Informa\u00e7\u00f5es:<br><\/strong><strong>Instagram: @liliadinizpoeta<br><\/strong><strong>Site:&nbsp;<a href=\"http:\/\/www.liliadiniz.com.br\/\">www.liliadiniz.com.br\/<\/a>&nbsp;e<br><\/strong><strong>Fone: (61) 99293-6547 (Suene Karim)<\/strong><\/p>\n","protected":false},"excerpt":{"rendered":"<p>\u00c1lbum musical com cheiro de terra, mato e ful\u00f4 L\u00edlia Diniz faz show de lan\u00e7amento de \u201cMiolo de Pote em Cantigas e Versos\u201d No domingo (15\/05), \u00e0s 19h, o&nbsp;Teatro Sesc Paulo Autran (\u00c1rea Especial 2\/3, Taguatinga Norte), recebe em apresenta\u00e7\u00e3o \u00fanica, o lan\u00e7amento do&nbsp;\u00e1lbum de poemas e m\u00fasicas,&nbsp;Miolo de Pote em Cantigas e Versos, de [&hellip;]<\/p>\n","protected":false},"author":1,"featured_media":0,"comment_status":"open","ping_status":"open","sticky":false,"template":"","format":"standard","meta":{"footnotes":""},"categories":[],"tags":[],"class_list":["post-5637","post","type-post","status-publish","format-standard","hentry"],"_links":{"self":[{"href":"https:\/\/aguaslindasnoticias.com.br\/index.php\/wp-json\/wp\/v2\/posts\/5637","targetHints":{"allow":["GET"]}}],"collection":[{"href":"https:\/\/aguaslindasnoticias.com.br\/index.php\/wp-json\/wp\/v2\/posts"}],"about":[{"href":"https:\/\/aguaslindasnoticias.com.br\/index.php\/wp-json\/wp\/v2\/types\/post"}],"author":[{"embeddable":true,"href":"https:\/\/aguaslindasnoticias.com.br\/index.php\/wp-json\/wp\/v2\/users\/1"}],"replies":[{"embeddable":true,"href":"https:\/\/aguaslindasnoticias.com.br\/index.php\/wp-json\/wp\/v2\/comments?post=5637"}],"version-history":[{"count":0,"href":"https:\/\/aguaslindasnoticias.com.br\/index.php\/wp-json\/wp\/v2\/posts\/5637\/revisions"}],"wp:attachment":[{"href":"https:\/\/aguaslindasnoticias.com.br\/index.php\/wp-json\/wp\/v2\/media?parent=5637"}],"wp:term":[{"taxonomy":"category","embeddable":true,"href":"https:\/\/aguaslindasnoticias.com.br\/index.php\/wp-json\/wp\/v2\/categories?post=5637"},{"taxonomy":"post_tag","embeddable":true,"href":"https:\/\/aguaslindasnoticias.com.br\/index.php\/wp-json\/wp\/v2\/tags?post=5637"}],"curies":[{"name":"wp","href":"https:\/\/api.w.org\/{rel}","templated":true}]}}