{"id":5635,"date":"2023-01-04T10:14:17","date_gmt":"2023-01-04T13:14:17","guid":{"rendered":"https:\/\/aguaslindasnoticias.com.br\/index.php\/2023\/01\/04\/dividas-de-ate-r-304-mil-nao-serao-cobradas-na-justica-pelo-gdf\/"},"modified":"2023-01-04T10:14:17","modified_gmt":"2023-01-04T13:14:17","slug":"dividas-de-ate-r-304-mil-nao-serao-cobradas-na-justica-pelo-gdf","status":"publish","type":"post","link":"https:\/\/aguaslindasnoticias.com.br\/index.php\/2023\/01\/04\/dividas-de-ate-r-304-mil-nao-serao-cobradas-na-justica-pelo-gdf\/","title":{"rendered":"D\u00edvidas de at\u00e9 R$ 30,4 mil n\u00e3o ser\u00e3o cobradas na Justi\u00e7a pelo GDF"},"content":{"rendered":"\n<p>Foto: Carlos Gandra\/CLDF<\/p>\n\n\n\n<figure class=\"wp-block-image size-large\"><img decoding=\"async\" src=\"http:\/\/claricegulyas.com.br\/wp-content\/uploads\/2022\/05\/1a.jpg\" alt=\"\" class=\"wp-image-10197\"\/><\/figure>\n\n\n\n<figure class=\"wp-block-image\"><img decoding=\"async\" src=\"https:\/\/www.cl.df.gov.br\/documents\/10162\/25795942\/2211272CG+%2842%29.jpg\/cf3ccf03-9fde-d953-6554-a6208fc69263?t=1652213697515\" alt=\"O PL foi aprovado em segundo turno\"\/><\/figure>\n\n\n\n<p>D\u00e9bitos \u2013 tribut\u00e1rios ou n\u00e3o \u2013 de at\u00e9 R$ 30.469,52 n\u00e3o ser\u00e3o mais processados judicialmente pelo Governo do Distrito Federal, de acordo com o projeto de lei complementar n\u00ba 101\/2022, de autoria do pr\u00f3prio Executivo, aprovado pela C\u00e2mara Legislativa nesta ter\u00e7a-feira (10), em segundo turno e reda\u00e7\u00e3o final. O PL, que seguir\u00e1 para a san\u00e7\u00e3o do governador para virar lei, altera a Lei Complementar n\u00ba 904\/2015, que trata da racionaliza\u00e7\u00e3o no ajuizamento de execu\u00e7\u00f5es fiscais.<\/p>\n\n\n\n<p>Atualmente, o GDF aciona a Justi\u00e7a para cobrar cr\u00e9ditos tribut\u00e1rios ou n\u00e3o cujos valores consolidados sejam superiores a R$ 5 mil. Se a d\u00edvida for de ICMS, o limite \u00e9 de R$ 15 mil. O PLC n\u00ba 101\/2022 foi votado, em primeiro turno, na semana passada. O governo justificou a medida observando que o custo de um processo na Justi\u00e7a, frequentemente, supera o valor da d\u00edvida cobrada.<\/p>\n\n\n\n<p><strong>Marco T\u00falio Alencar &#8211; Ag\u00eancia CLDF<\/strong><\/p>\n","protected":false},"excerpt":{"rendered":"<p>Foto: Carlos Gandra\/CLDF D\u00e9bitos \u2013 tribut\u00e1rios ou n\u00e3o \u2013 de at\u00e9 R$ 30.469,52 n\u00e3o ser\u00e3o mais processados judicialmente pelo Governo do Distrito Federal, de acordo com o projeto de lei complementar n\u00ba 101\/2022, de autoria do pr\u00f3prio Executivo, aprovado pela C\u00e2mara Legislativa nesta ter\u00e7a-feira (10), em segundo turno e reda\u00e7\u00e3o final. O PL, que seguir\u00e1 [&hellip;]<\/p>\n","protected":false},"author":1,"featured_media":0,"comment_status":"open","ping_status":"open","sticky":false,"template":"","format":"standard","meta":{"footnotes":""},"categories":[],"tags":[],"class_list":["post-5635","post","type-post","status-publish","format-standard","hentry"],"_links":{"self":[{"href":"https:\/\/aguaslindasnoticias.com.br\/index.php\/wp-json\/wp\/v2\/posts\/5635","targetHints":{"allow":["GET"]}}],"collection":[{"href":"https:\/\/aguaslindasnoticias.com.br\/index.php\/wp-json\/wp\/v2\/posts"}],"about":[{"href":"https:\/\/aguaslindasnoticias.com.br\/index.php\/wp-json\/wp\/v2\/types\/post"}],"author":[{"embeddable":true,"href":"https:\/\/aguaslindasnoticias.com.br\/index.php\/wp-json\/wp\/v2\/users\/1"}],"replies":[{"embeddable":true,"href":"https:\/\/aguaslindasnoticias.com.br\/index.php\/wp-json\/wp\/v2\/comments?post=5635"}],"version-history":[{"count":0,"href":"https:\/\/aguaslindasnoticias.com.br\/index.php\/wp-json\/wp\/v2\/posts\/5635\/revisions"}],"wp:attachment":[{"href":"https:\/\/aguaslindasnoticias.com.br\/index.php\/wp-json\/wp\/v2\/media?parent=5635"}],"wp:term":[{"taxonomy":"category","embeddable":true,"href":"https:\/\/aguaslindasnoticias.com.br\/index.php\/wp-json\/wp\/v2\/categories?post=5635"},{"taxonomy":"post_tag","embeddable":true,"href":"https:\/\/aguaslindasnoticias.com.br\/index.php\/wp-json\/wp\/v2\/tags?post=5635"}],"curies":[{"name":"wp","href":"https:\/\/api.w.org\/{rel}","templated":true}]}}