{"id":5633,"date":"2023-01-04T10:14:17","date_gmt":"2023-01-04T13:14:17","guid":{"rendered":"https:\/\/aguaslindasnoticias.com.br\/index.php\/2023\/01\/04\/isto-deveria-ser-uma-questao-de-soberania-nacional-critica-economista-apos-aumento-da-conta-de-luz\/"},"modified":"2023-01-04T10:14:17","modified_gmt":"2023-01-04T13:14:17","slug":"isto-deveria-ser-uma-questao-de-soberania-nacional-critica-economista-apos-aumento-da-conta-de-luz","status":"publish","type":"post","link":"https:\/\/aguaslindasnoticias.com.br\/index.php\/2023\/01\/04\/isto-deveria-ser-uma-questao-de-soberania-nacional-critica-economista-apos-aumento-da-conta-de-luz\/","title":{"rendered":"&#8220;Isto deveria ser uma quest\u00e3o de soberania nacional&#8221;, critica economista, ap\u00f3s aumento da conta de luz"},"content":{"rendered":"\n<figure class=\"wp-block-image size-large\"><img decoding=\"async\" src=\"http:\/\/claricegulyas.com.br\/wp-content\/uploads\/2022\/05\/lightbulb-g0d9fa13d1_1280-1024x576.jpg\" alt=\"\" class=\"wp-image-10190\"\/><\/figure>\n\n\n\n<p><em>Nesta quinta (12\/5), a C\u00e2mara dos Deputados vai promover audi\u00eancia p\u00fablica para discutir o reajuste autorizado pela Aneel<\/em><\/p>\n\n\n\n<p>O aumento m\u00e9dio na conta de luz ser\u00e1 de 3,39% para os consumidores neste ano. Moradores das regi\u00f5es Sul, Sudeste e Centro-Oeste dever\u00e3o pagar 4,65% a mais, enquanto os do Norte e Nordeste, 2,41%. O economista <strong>Flauzino Antunes <\/strong>critica a privatiza\u00e7\u00e3o da energia el\u00e9trica para corpora\u00e7\u00f5es estrangeiras e defende que o tema &#8220;deveria ser uma quest\u00e3o de soberania nacional&#8221;.<\/p>\n\n\n\n<p>A Ag\u00eancia Nacional de Energia El\u00e9trica (Aneel) anunciou recentemente que o consumidor vai pagar R$ 30 bi ao fundo do setor el\u00e9trico. O or\u00e7amento da Conta de Desenvolvimento Energ\u00e9tico (CDE) totaliza R$ 32 bi em 2022. Quase R$ 12 bi dever\u00e3o subsidiar a produ\u00e7\u00e3o de energia termel\u00e9trica (uso de g\u00e1s natural ou diesel) em regi\u00f5es n\u00e3o interligadas ao sistema el\u00e9trico nacional, como Roraima; R$ 9,3 para descontos tarif\u00e1rios na distribui\u00e7\u00e3o de energia e R$ 5,4 para despesas com a tarifa social de energia.<\/p>\n\n\n\n<p>&#8220;Os pre\u00e7os de todos os produtos t\u00eam a margem de lucro, custos, propaganda, investimentos e tudo isso tem que estar embutido no valor cobrado. Agora v\u00e3o cobrar a mais do consumidor para um fundo de investimento e melhorias da rede de energia? Isso \u00e9 um absurdo!&#8221;, critica. &#8220;J\u00e1 \u00e9 um pre\u00e7o elevado e um pre\u00e7o que d\u00e1 lucro. Eles (empresas) que usem parte do lucro para fazer o investimento. \u00c9 por isso que privatizaram. Mas privatizaram e passaram a cobrar do consumidor ainda mais? N\u00e3o existe l\u00f3gica nisso.&#8221;, avalia Flauzino.<\/p>\n\n\n\n<figure class=\"wp-block-image size-large\"><img decoding=\"async\" src=\"http:\/\/claricegulyas.com.br\/wp-content\/uploads\/2022\/05\/economista-flauzino-antunes-ctb-df-brasilia-energia-eletrica-luz-economia-dinheiro-emprego.jpeg\" alt=\"\" class=\"wp-image-10191\"\/><\/figure>\n\n\n\n<p><strong>Soberania nacional<\/strong><\/p>\n\n\n\n<p>Para o economista, a frustra\u00e7\u00e3o da medida &#8220;populista&#8221; do governo federal em tentar reduzir a tarifa da conta de luz n\u00e3o exclui sua responsabilidade neste aumento. Segundo ele, pol\u00edticas neoliberais como estas t\u00eam aumentado a desigualdade social e colocado em risco a soberania nacional.<\/p>\n\n\n\n<p>&#8220;Na pr\u00e1tica, quem define os valores \u00e9 a Aneel. Mas s\u00e3o cinco conselheiros, indicados pelo executivo nacional, que t\u00eam que enfrentar o poderio econ\u00f4mico financeiro das concession\u00e1rias e o interesse do consumidor. A Aneel deveria ser pr\u00f3 consumidor e pr\u00f3 sociedade, mas no fim \u00e9 pr\u00f3 empresa e voltada aos interesses das grandes corpora\u00e7\u00f5es monopol\u00edsticas de energia el\u00e9trica.&#8221;, critica.<\/p>\n\n\n\n<p>Na opini\u00e3o de Flauzino Antunes, a privatiza\u00e7\u00e3o da Eletrobr\u00e1s por empresas estrangeiras foi negativa e poderia trazer graves consequ\u00eancias a partir da apropria\u00e7\u00e3o dos recursos naturais brasileiros (de um setor extremamente estrat\u00e9gico), al\u00e9m da falta de reinvestimento do lucro no Brasil. Pa\u00edses, como Estados Unidos, China e Canad\u00e1 possuem o dom\u00ednio do setor el\u00e9trico.<\/p>\n\n\n\n<p>&#8220;Essa \u00e9 uma quest\u00e3o de soberania nacional. Se f\u00f4ssemos dependentes de energia de outros pa\u00edses, como na guerra entre R\u00fassia e Ucr\u00e2nia, isso seria encarado como um ato criminoso e com certeza deixaria nossa soberania vulner\u00e1vel. Privatizar para corpora\u00e7\u00f5es estrangeiras que s\u00f3 vem atr\u00e1s de lucro e n\u00e3o fazem investimento nenhum, e ainda cobram para fazer investimento, foi muito ruim para o consumidor e o pa\u00eds.&#8221;, avalia.<\/p>\n","protected":false},"excerpt":{"rendered":"<p>Nesta quinta (12\/5), a C\u00e2mara dos Deputados vai promover audi\u00eancia p\u00fablica para discutir o reajuste autorizado pela Aneel O aumento m\u00e9dio na conta de luz ser\u00e1 de 3,39% para os consumidores neste ano. Moradores das regi\u00f5es Sul, Sudeste e Centro-Oeste dever\u00e3o pagar 4,65% a mais, enquanto os do Norte e Nordeste, 2,41%. O economista Flauzino [&hellip;]<\/p>\n","protected":false},"author":1,"featured_media":0,"comment_status":"open","ping_status":"open","sticky":false,"template":"","format":"standard","meta":{"footnotes":""},"categories":[],"tags":[],"class_list":["post-5633","post","type-post","status-publish","format-standard","hentry"],"_links":{"self":[{"href":"https:\/\/aguaslindasnoticias.com.br\/index.php\/wp-json\/wp\/v2\/posts\/5633","targetHints":{"allow":["GET"]}}],"collection":[{"href":"https:\/\/aguaslindasnoticias.com.br\/index.php\/wp-json\/wp\/v2\/posts"}],"about":[{"href":"https:\/\/aguaslindasnoticias.com.br\/index.php\/wp-json\/wp\/v2\/types\/post"}],"author":[{"embeddable":true,"href":"https:\/\/aguaslindasnoticias.com.br\/index.php\/wp-json\/wp\/v2\/users\/1"}],"replies":[{"embeddable":true,"href":"https:\/\/aguaslindasnoticias.com.br\/index.php\/wp-json\/wp\/v2\/comments?post=5633"}],"version-history":[{"count":0,"href":"https:\/\/aguaslindasnoticias.com.br\/index.php\/wp-json\/wp\/v2\/posts\/5633\/revisions"}],"wp:attachment":[{"href":"https:\/\/aguaslindasnoticias.com.br\/index.php\/wp-json\/wp\/v2\/media?parent=5633"}],"wp:term":[{"taxonomy":"category","embeddable":true,"href":"https:\/\/aguaslindasnoticias.com.br\/index.php\/wp-json\/wp\/v2\/categories?post=5633"},{"taxonomy":"post_tag","embeddable":true,"href":"https:\/\/aguaslindasnoticias.com.br\/index.php\/wp-json\/wp\/v2\/tags?post=5633"}],"curies":[{"name":"wp","href":"https:\/\/api.w.org\/{rel}","templated":true}]}}