{"id":5632,"date":"2023-01-04T10:14:17","date_gmt":"2023-01-04T13:14:17","guid":{"rendered":"https:\/\/aguaslindasnoticias.com.br\/index.php\/2023\/01\/04\/deputado-joao-cardoso-prestigia-evento-das-maes-em-sobradinho-2\/"},"modified":"2023-01-04T10:14:17","modified_gmt":"2023-01-04T13:14:17","slug":"deputado-joao-cardoso-prestigia-evento-das-maes-em-sobradinho-2","status":"publish","type":"post","link":"https:\/\/aguaslindasnoticias.com.br\/index.php\/2023\/01\/04\/deputado-joao-cardoso-prestigia-evento-das-maes-em-sobradinho-2\/","title":{"rendered":"Deputado Jo\u00e3o Cardoso prestigia evento das m\u00e3es, em Sobradinho 2"},"content":{"rendered":"\n<figure class=\"wp-block-image size-large\"><img decoding=\"async\" src=\"http:\/\/claricegulyas.com.br\/wp-content\/uploads\/2022\/05\/joao-cardoso-deputado-distrital-sobradinho-2-dia-das-maes-2022-administra\u00e7\u00e3o-regional-gdf-paco-britto-2-1024x753.jpeg\" alt=\"\" class=\"wp-image-10187\"\/><\/figure>\n\n\n\n<p>O Dia das M\u00e3es contou com programa\u00e7\u00e3o especial na Administra\u00e7\u00e3o Regional de Sobradinho 2. Um evento realizado pela ONG Instituto Esp\u00edrito de Luz, em parceria com o Governo do Distrito Federal (GDF), ofereceu palestras e servi\u00e7os gratuitos para a comunidade. A festa contou com o apoio e a presen\u00e7a do deputado distrital Jo\u00e3o Cardoso (Avante).<\/p>\n\n\n\n<p>Voltado para as fam\u00edlias da regi\u00e3o, a iniciativa ofereceu, dentre outras atividades e servi\u00e7os gratuitos, palestras sobre sa\u00fade e seguran\u00e7a, atendimento psicol\u00f3gico e assist\u00eancia social, corte de cabelo, maquiagem, vacina\u00e7\u00e3o contra a influenza, brinquedos infl\u00e1veis e distribui\u00e7\u00e3o de pipoca e algod\u00e3o-doce para a crian\u00e7ada. Cerca de 500 vasos de flores foram distribu\u00eddos \u00e0s m\u00e3es ao longo do dia.<\/p>\n\n\n\n<p>&#8220;Hoje \u00e9 dia de homenagearmos, reconhecermos e agradecermos as mulheres que deram e d\u00e3o a vida por n\u00f3s! Voc\u00eas, mam\u00e3es &#8211; tanto as que geraram ou n\u00e3o seus filhos, tias, av\u00f3s e outras figuras maternas &#8211; s\u00e3o o centro das nossas fam\u00edlias&#8221;, disse Jo\u00e3o Cardoso.<\/p>\n\n\n\n<p>&#8220;Neste dia especial, quero tamb\u00e9m homenagear as m\u00e3es que j\u00e1 se encontram nos bra\u00e7os do Pai, sobretudo, neste dif\u00edcil momento de pandemia, e me solidarizar com seus filhos, que tiveram de se despedir t\u00e3o precocemente.&#8221;, acrescentou o distrital.<\/p>\n\n\n\n<figure class=\"wp-block-image size-large\"><img decoding=\"async\" src=\"http:\/\/claricegulyas.com.br\/wp-content\/uploads\/2022\/05\/joao-cardoso-deputado-distrital-sobradinho-2-dia-das-maes-2022-administra\u00e7\u00e3o-regional-gdf-paco-britto-1-1024x838.jpeg\" alt=\"\" class=\"wp-image-10186\"\/><\/figure>\n\n\n\n<p><strong>Autoridades presentes<\/strong><\/p>\n\n\n\n<p>O vice-governador Paco Britto destacou o apoio do GDF ao evento, ratificando a import\u00e2ncia de levar o governo para perto das pessoas. \u201cEssa intera\u00e7\u00e3o do governo com a comunidade \u00e9 muito importante\u201d, disse, ap\u00f3s tomar a vacina contra a influenza, disponibilizada na administra\u00e7\u00e3o para os visitantes.<\/p>\n\n\n\n<p>O administrador de Sobradinho concordou com o vice-governador. \u201cEste evento social \u00e9 muito bem recebido pela comunidade, pois traz servi\u00e7os b\u00e1sicos, como retirar a carteira de identidade\u201d, pontuou Osmar da Silva Fel\u00edcio.<\/p>\n\n\n\n<p>O evento contou com a participa\u00e7\u00e3o do Servi\u00e7o Nacional de Aprendizagem Comercial (Senac-DF), Servi\u00e7o Social do Com\u00e9rcio (Sesc-DF), Corpo de Bombeiros Militar (CBMDF), Pol\u00edcia Militar do Distrito Federal (PMDF), Ag\u00eancia Reguladora de \u00c1guas, Energia e Saneamento B\u00e1sico do DF (Adasa); Companhia de Saneamento Ambiental do DF (Caesb); Empresa de Assist\u00eancia T\u00e9cnica e Extens\u00e3o Rural (Emater-DF); Vigil\u00e2ncia Sanit\u00e1ria; Na Hora; Banco de Bras\u00edlia (BRB), e das secretarias de Cultura; de Turismo e da Justi\u00e7a e Cidadania.<\/p>\n\n\n\n<p>*Com informa\u00e7\u00f5es da Ag\u00eancia Bras\u00edlia<\/p>\n","protected":false},"excerpt":{"rendered":"<p>O Dia das M\u00e3es contou com programa\u00e7\u00e3o especial na Administra\u00e7\u00e3o Regional de Sobradinho 2. Um evento realizado pela ONG Instituto Esp\u00edrito de Luz, em parceria com o Governo do Distrito Federal (GDF), ofereceu palestras e servi\u00e7os gratuitos para a comunidade. A festa contou com o apoio e a presen\u00e7a do deputado distrital Jo\u00e3o Cardoso (Avante). [&hellip;]<\/p>\n","protected":false},"author":1,"featured_media":0,"comment_status":"open","ping_status":"open","sticky":false,"template":"","format":"standard","meta":{"footnotes":""},"categories":[],"tags":[],"class_list":["post-5632","post","type-post","status-publish","format-standard","hentry"],"_links":{"self":[{"href":"https:\/\/aguaslindasnoticias.com.br\/index.php\/wp-json\/wp\/v2\/posts\/5632","targetHints":{"allow":["GET"]}}],"collection":[{"href":"https:\/\/aguaslindasnoticias.com.br\/index.php\/wp-json\/wp\/v2\/posts"}],"about":[{"href":"https:\/\/aguaslindasnoticias.com.br\/index.php\/wp-json\/wp\/v2\/types\/post"}],"author":[{"embeddable":true,"href":"https:\/\/aguaslindasnoticias.com.br\/index.php\/wp-json\/wp\/v2\/users\/1"}],"replies":[{"embeddable":true,"href":"https:\/\/aguaslindasnoticias.com.br\/index.php\/wp-json\/wp\/v2\/comments?post=5632"}],"version-history":[{"count":0,"href":"https:\/\/aguaslindasnoticias.com.br\/index.php\/wp-json\/wp\/v2\/posts\/5632\/revisions"}],"wp:attachment":[{"href":"https:\/\/aguaslindasnoticias.com.br\/index.php\/wp-json\/wp\/v2\/media?parent=5632"}],"wp:term":[{"taxonomy":"category","embeddable":true,"href":"https:\/\/aguaslindasnoticias.com.br\/index.php\/wp-json\/wp\/v2\/categories?post=5632"},{"taxonomy":"post_tag","embeddable":true,"href":"https:\/\/aguaslindasnoticias.com.br\/index.php\/wp-json\/wp\/v2\/tags?post=5632"}],"curies":[{"name":"wp","href":"https:\/\/api.w.org\/{rel}","templated":true}]}}