{"id":5631,"date":"2023-01-04T10:14:17","date_gmt":"2023-01-04T13:14:17","guid":{"rendered":"https:\/\/aguaslindasnoticias.com.br\/index.php\/2023\/01\/04\/cldf-presta-homenagem-aos-62-anos-de-sobradinho\/"},"modified":"2023-01-04T10:14:17","modified_gmt":"2023-01-04T13:14:17","slug":"cldf-presta-homenagem-aos-62-anos-de-sobradinho","status":"publish","type":"post","link":"https:\/\/aguaslindasnoticias.com.br\/index.php\/2023\/01\/04\/cldf-presta-homenagem-aos-62-anos-de-sobradinho\/","title":{"rendered":"CLDF presta homenagem aos 62 anos de Sobradinho"},"content":{"rendered":"\n<figure class=\"wp-block-image size-large\"><img decoding=\"async\" src=\"http:\/\/claricegulyas.com.br\/wp-content\/uploads\/2022\/05\/Sobradinho-sessao-solene-62-anos-df-joao-cardoso-camara-legislativa-deputado-distrital-brasilia-adminitracao-regional.jpeg\" alt=\"\" class=\"wp-image-10182\"\/><\/figure>\n\n\n\n<p><em>Pioneiros da RA V ser\u00e3o agraciados com Mon\u00e7\u00f5es de Louvor<br><br><\/em>A C\u00e2mara Legislativa realiza nesta quinta (12\/5), \u00e0s 10h, sess\u00e3o solene em homenagem ao anivers\u00e1rio de Sobradinho, que completa 62 anos esta semana. A iniciativa \u00e9 do deputado distrital <strong>Jo\u00e3o Cardoso (Avante)<\/strong>, que nasceu, cresceu e ainda vive na regi\u00e3o. O evento acontece no plen\u00e1rio da Casa e ser\u00e1 transmitido, ao vivo, pelo canal da CLDF no Youtube e pela TV C\u00e2mara Distrital.<\/p>\n\n\n\n<p>&#8220;Como filho da cidade e morador, tenho orgulho da beleza natural e das pessoas que vivem nela: gente honesta, trabalhadora e criativa, que colabora para o desenvolvimento da Cidade Serrana e de todo o Distrito Federal&#8221;, afirma Jo\u00e3o Cardoso.<\/p>\n\n\n\n<p>Fundada no dia 13 de maio de 1960, Sobradinho surgiu a partir de uma fazenda e passou a ser regi\u00e3o administrativa em 1967. A cidade \u00e9 bem arborizada, tranquila e com muitas \u00e1reas residenciais e condom\u00ednios.<\/p>\n\n\n\n<p>O nome da Regi\u00e3o Administrativa V tem como principal refer\u00eancia a constru\u00e7\u00e3o de duas casinhas sobrepostas do p\u00e1ssaro Jo\u00e3o-de-Barro em um velho cruzeiro de madeira na fazenda que originou a regi\u00e3o. Atualmente, a RA possui cerca de 70 mil habitantes, de acordo com a Companhia de Planejamento do Distrito Federal (Codeplan).<\/p>\n\n\n\n<p><strong>Servi\u00e7o:<\/strong><br><strong>CLDF presta homenagem aos 62 anos de Sobradinho<\/strong><br>Data: 12 de maio de 2022<br>Hora: 10h<br>Local: Plen\u00e1rio da C\u00e2mara Legislativa<br>TV C\u00e2mara Distrital: <a href=\"https:\/\/www.youtube.com\/c\/TVC%C3%A2maraDistrital\">https:\/\/www.youtube.com\/c\/TVC%C3%A2maraDistrital<\/a><\/p>\n","protected":false},"excerpt":{"rendered":"<p>Pioneiros da RA V ser\u00e3o agraciados com Mon\u00e7\u00f5es de Louvor A C\u00e2mara Legislativa realiza nesta quinta (12\/5), \u00e0s 10h, sess\u00e3o solene em homenagem ao anivers\u00e1rio de Sobradinho, que completa 62 anos esta semana. A iniciativa \u00e9 do deputado distrital Jo\u00e3o Cardoso (Avante), que nasceu, cresceu e ainda vive na regi\u00e3o. O evento acontece no plen\u00e1rio [&hellip;]<\/p>\n","protected":false},"author":1,"featured_media":0,"comment_status":"open","ping_status":"open","sticky":false,"template":"","format":"standard","meta":{"footnotes":""},"categories":[],"tags":[],"class_list":["post-5631","post","type-post","status-publish","format-standard","hentry"],"_links":{"self":[{"href":"https:\/\/aguaslindasnoticias.com.br\/index.php\/wp-json\/wp\/v2\/posts\/5631","targetHints":{"allow":["GET"]}}],"collection":[{"href":"https:\/\/aguaslindasnoticias.com.br\/index.php\/wp-json\/wp\/v2\/posts"}],"about":[{"href":"https:\/\/aguaslindasnoticias.com.br\/index.php\/wp-json\/wp\/v2\/types\/post"}],"author":[{"embeddable":true,"href":"https:\/\/aguaslindasnoticias.com.br\/index.php\/wp-json\/wp\/v2\/users\/1"}],"replies":[{"embeddable":true,"href":"https:\/\/aguaslindasnoticias.com.br\/index.php\/wp-json\/wp\/v2\/comments?post=5631"}],"version-history":[{"count":0,"href":"https:\/\/aguaslindasnoticias.com.br\/index.php\/wp-json\/wp\/v2\/posts\/5631\/revisions"}],"wp:attachment":[{"href":"https:\/\/aguaslindasnoticias.com.br\/index.php\/wp-json\/wp\/v2\/media?parent=5631"}],"wp:term":[{"taxonomy":"category","embeddable":true,"href":"https:\/\/aguaslindasnoticias.com.br\/index.php\/wp-json\/wp\/v2\/categories?post=5631"},{"taxonomy":"post_tag","embeddable":true,"href":"https:\/\/aguaslindasnoticias.com.br\/index.php\/wp-json\/wp\/v2\/tags?post=5631"}],"curies":[{"name":"wp","href":"https:\/\/api.w.org\/{rel}","templated":true}]}}