{"id":5630,"date":"2023-01-04T10:14:17","date_gmt":"2023-01-04T13:14:17","guid":{"rendered":"https:\/\/aguaslindasnoticias.com.br\/index.php\/2023\/01\/04\/dia-das-maes-parabens-as-nossa-rainhas\/"},"modified":"2023-01-04T10:14:17","modified_gmt":"2023-01-04T13:14:17","slug":"dia-das-maes-parabens-as-nossa-rainhas","status":"publish","type":"post","link":"https:\/\/aguaslindasnoticias.com.br\/index.php\/2023\/01\/04\/dia-das-maes-parabens-as-nossa-rainhas\/","title":{"rendered":"Dia das M\u00e3es: parab\u00e9ns \u00e0s nossa rainhas!"},"content":{"rendered":"\n<figure class=\"wp-block-image size-large\"><img decoding=\"async\" src=\"http:\/\/claricegulyas.com.br\/wp-content\/uploads\/2022\/05\/joao-cardoso-e-dona-josefa.png\" alt=\"\" class=\"wp-image-10179\"\/><\/figure>\n\n\n\n<p>Hoje \u00e9 dia de homenagearmos, reconhecermos e agradecermos as mulheres que deram e d\u00e3o a vida por n\u00f3s! Voc\u00eas, mam\u00e3es &#8211; tanto as que geraram ou n\u00e3o seus filhos, tias, av\u00f3s e outras figuras maternas &#8211; s\u00e3o o centro das nossas fam\u00edlias.<\/p>\n\n\n\n<p>O amor e o cuidado das m\u00e3es \u00e9 t\u00e3o importante e poderoso que at\u00e9 mesmo Deus optou por ter uma m\u00e3e: Maria Sant\u00edssima, que \u00e9 tamb\u00e9m nossa m\u00e3e e protetora. Ser m\u00e3e \u00e9 um dom e uma verdadeira express\u00e3o de f\u00e9 na vida!<\/p>\n\n\n\n<p>Neste dia especial, quero tamb\u00e9m homenagear as m\u00e3es que j\u00e1 se encontram nos bra\u00e7os do Pai, sobretudo, neste dif\u00edcil momento de pandemia, e me solidarizar com seus filhos, que tiveram de se despedir t\u00e3o precocemente.<\/p>\n\n\n\n<p>Deixo, aqui, um carinho especial para minha m\u00e3ezinha, dona Josefa, que com muito zelo e dedica\u00e7\u00e3o me criou junto de meus tr\u00eas irm\u00e3os e at\u00e9 hoje mima seu ca\u00e7ula &#8220;Jo\u00e3ozinho&#8221; com seus famosos &#8211; e gostos\u00edssimos &#8211; biscoitos de nata!<\/p>\n\n\n\n<p>Que Deus ilumine os caminhos de todas as m\u00e3es, aben\u00e7oando com muita sa\u00fade e paz para todas as fam\u00edlias! Feliz Dia das M\u00e3es, nossas rainhas!<br><br>Deputado Distrital Jo\u00e3o Cardoso<\/p>\n","protected":false},"excerpt":{"rendered":"<p>Hoje \u00e9 dia de homenagearmos, reconhecermos e agradecermos as mulheres que deram e d\u00e3o a vida por n\u00f3s! Voc\u00eas, mam\u00e3es &#8211; tanto as que geraram ou n\u00e3o seus filhos, tias, av\u00f3s e outras figuras maternas &#8211; s\u00e3o o centro das nossas fam\u00edlias. O amor e o cuidado das m\u00e3es \u00e9 t\u00e3o importante e poderoso que [&hellip;]<\/p>\n","protected":false},"author":1,"featured_media":0,"comment_status":"open","ping_status":"open","sticky":false,"template":"","format":"standard","meta":{"footnotes":""},"categories":[],"tags":[],"class_list":["post-5630","post","type-post","status-publish","format-standard","hentry"],"_links":{"self":[{"href":"https:\/\/aguaslindasnoticias.com.br\/index.php\/wp-json\/wp\/v2\/posts\/5630","targetHints":{"allow":["GET"]}}],"collection":[{"href":"https:\/\/aguaslindasnoticias.com.br\/index.php\/wp-json\/wp\/v2\/posts"}],"about":[{"href":"https:\/\/aguaslindasnoticias.com.br\/index.php\/wp-json\/wp\/v2\/types\/post"}],"author":[{"embeddable":true,"href":"https:\/\/aguaslindasnoticias.com.br\/index.php\/wp-json\/wp\/v2\/users\/1"}],"replies":[{"embeddable":true,"href":"https:\/\/aguaslindasnoticias.com.br\/index.php\/wp-json\/wp\/v2\/comments?post=5630"}],"version-history":[{"count":0,"href":"https:\/\/aguaslindasnoticias.com.br\/index.php\/wp-json\/wp\/v2\/posts\/5630\/revisions"}],"wp:attachment":[{"href":"https:\/\/aguaslindasnoticias.com.br\/index.php\/wp-json\/wp\/v2\/media?parent=5630"}],"wp:term":[{"taxonomy":"category","embeddable":true,"href":"https:\/\/aguaslindasnoticias.com.br\/index.php\/wp-json\/wp\/v2\/categories?post=5630"},{"taxonomy":"post_tag","embeddable":true,"href":"https:\/\/aguaslindasnoticias.com.br\/index.php\/wp-json\/wp\/v2\/tags?post=5630"}],"curies":[{"name":"wp","href":"https:\/\/api.w.org\/{rel}","templated":true}]}}