{"id":5629,"date":"2023-01-04T10:14:17","date_gmt":"2023-01-04T13:14:17","guid":{"rendered":"https:\/\/aguaslindasnoticias.com.br\/index.php\/2023\/01\/04\/cavalaria-nas-escolas-estimula-cultura-de-paz\/"},"modified":"2023-01-04T10:14:17","modified_gmt":"2023-01-04T13:14:17","slug":"cavalaria-nas-escolas-estimula-cultura-de-paz","status":"publish","type":"post","link":"https:\/\/aguaslindasnoticias.com.br\/index.php\/2023\/01\/04\/cavalaria-nas-escolas-estimula-cultura-de-paz\/","title":{"rendered":"Cavalaria nas Escolas estimula cultura de paz"},"content":{"rendered":"\n<p>Nesta sexta (6) foi a vez de os alunos da Escola Classe 2 do Riacho Fundo II participarem de bate-papo dentro da programa\u00e7\u00e3o do projeto<\/p>\n\n\n\n<p>Ag\u00eancia Bras\u00edlia* | Edi\u00e7\u00e3o: Carolina Lobo<\/p>\n\n\n\n<p>Em mais uma iniciativa para promover a cultura de paz nos ambientes escolares do Distrito Federal, uma parceria entre a Pol\u00edcia Militar (PMDF) e a Secretaria de Educa\u00e7\u00e3o (SEE), iniciada em abril, tem feito sucesso entre os estudantes da rede.<\/p>\n\n\n\n<p>O projeto Cavalaria nas Escolas, apresentado pelo Regimento de Pol\u00edcia Montada, estimula a preven\u00e7\u00e3o da viol\u00eancia no ambiente escolar. Na manh\u00e3 desta sexta-feira (6) foi a vez dos alunos da Escola Classe (EC) 2 do Riacho Fundo II participarem de um bate-papo com o major da PMDF Heberton de Sousa.<\/p>\n\n\n\n<figure class=\"wp-block-image\"><img decoding=\"async\" src=\"http:\/\/www.agenciabrasilia.df.gov.br\/wp-conteudo\/uploads\/2022\/05\/foto_1_Projeto_Cavalaria_nas_Escolas-18-scaled.jpg\" alt=\"\" class=\"wp-image-402933\"\/><figcaption>Major Heberton de Sousa conversa com estudantes da Escola Classe 2 do Riacho Fundo II | Fotos: Andr\u00e9 Amendoeira\/SEEDF<\/figcaption><\/figure>\n\n\n\n<p>A a\u00e7\u00e3o \u00e9 voltada para crian\u00e7as do ensino fundamental e desenvolve temas ligados \u00e0 preven\u00e7\u00e3o da viol\u00eancia. Tamb\u00e9m destaca valores importantes para constru\u00e7\u00e3o do cidad\u00e3o, como respeito ao pr\u00f3ximo e honestidade.<\/p>\n\n\n\n<p>\u201cNessa faixa et\u00e1ria, as crian\u00e7as est\u00e3o em forma\u00e7\u00e3o e \u00e9 muito importante trazermos informa\u00e7\u00f5es para que elas saibam distinguir o bem e o mal, al\u00e9m de apontar situa\u00e7\u00f5es de perigo que existem na sociedade. Queremos trazer isso de forma integrativa e l\u00fadica\u201d, destaca o major Heberton de Sousa.<\/p>\n\n\n\n<p>O Cavalaria nas Escolas vem ao encontro das a\u00e7\u00f5es que a Escola Classe 2 j\u00e1 desenvolve com estudantes ao longo do ano. A unidade faz um trabalho cont\u00ednuo pela cultura da paz com narra\u00e7\u00f5es de hist\u00f3rias, rodas de conversa e recreio l\u00fadico com brincadeiras supervisionadas pela equipe da unidade de ensino.<\/p>\n\n\n\n<blockquote class=\"wp-block-quote is-layout-flow wp-block-quote-is-layout-flow\"><p>\u201cNessa faixa et\u00e1ria, as crian\u00e7as est\u00e3o em forma\u00e7\u00e3o e \u00e9 muito importante trazermos informa\u00e7\u00f5es para que elas saibam distinguir o bem e o mal, al\u00e9m de apontar situa\u00e7\u00f5es de perigo que existem na sociedade. Queremos trazer isso de forma integrativa e l\u00fadica\u201dHeberton de Sousa, major da PMDF<\/p><\/blockquote>\n\n\n\n<p>\u201cN\u00e3o temos problemas graves de indisciplina na escola e nem de viol\u00eancia, porque fazemos um trabalho constante com os estudantes. Essa iniciativa do projeto da PM \u00e9 maravilhosa e veio para somar \u00e0s a\u00e7\u00f5es que j\u00e1 desenvolvemos\u201c, conta a diretora da EC 2, Michelle Rodrigues. O local tem 653 estudantes matriculados, do 1\u00ba ao 5\u00ba ano do ensino fundamental.<\/p>\n\n\n\n<p>O \u00e1pice do projeto Cavalaria nas Escolas \u00e9 a surpresa final para estudantes com a chegada dos cavalos da PM e do p\u00f4nei, apelidado de Gigante. As crian\u00e7as podem interagir com os animais nesse momento de descontra\u00e7\u00e3o.<\/p>\n\n\n\n<p>\u201cAchei o projeto muito interessante. Eles colocaram essa quest\u00e3o do combate \u00e0 viol\u00eancia de uma maneira leve para a gente. Eu vou ficar atenta e contribuir na minha comunidade da maneira que puder\u201d, afirma Cec\u00edlia Santos, 10 anos, estudante do 5\u00ba ano do ensino fundamental.<\/p>\n\n\n\n<p>\u201cEstamos aqui para mostrar que os policiais s\u00e3o amigos da escola. Queremos que os estudantes vejam boas refer\u00eancias nos policiais, nos professores e nas pessoas de bem para multiplicarem isso nas respectivas comunidades\u201d, resume o capit\u00e3o da PM Geraldo Neiva.<\/p>\n\n\n\n<p><strong>Dia do Trabalhador<\/strong><\/p>\n\n\n\n<p>O Cavalaria nas Escolas tamb\u00e9m trabalha temas de datas comemorativas durante as visitas. Na Escola Classe 2 do Riacho Fundo II, a refer\u00eancia foi o Dia do Trabalhador, celebrado em 1\u00ba de maio. Foi uma oportunidade para resgatar o hist\u00f3rico da data e destacar a import\u00e2ncia das profiss\u00f5es.<\/p>\n\n\n\n<p>A primeira unidade visitada pelo projeto foi a Escola Classe 831 de Samambaia, no m\u00eas de abril. Na ocasi\u00e3o, os policiais falaram sobre o dia 21 de abril, que marca o anivers\u00e1rio de Bras\u00edlia. Na data, se lembra tamb\u00e9m Alferes Joaquim Jos\u00e9 da Silva Xavier, conhecido como Tiradentes, figura importante no movimento para independ\u00eancia do pa\u00eds e patrono das pol\u00edcias militares.<\/p>\n\n\n\n<p><em>*Com informa\u00e7\u00f5es da Secretaria de Educa\u00e7\u00e3o do DF<\/em><\/p>\n","protected":false},"excerpt":{"rendered":"<p>Nesta sexta (6) foi a vez de os alunos da Escola Classe 2 do Riacho Fundo II participarem de bate-papo dentro da programa\u00e7\u00e3o do projeto Ag\u00eancia Bras\u00edlia* | Edi\u00e7\u00e3o: Carolina Lobo Em mais uma iniciativa para promover a cultura de paz nos ambientes escolares do Distrito Federal, uma parceria entre a Pol\u00edcia Militar (PMDF) e [&hellip;]<\/p>\n","protected":false},"author":1,"featured_media":0,"comment_status":"open","ping_status":"open","sticky":false,"template":"","format":"standard","meta":{"footnotes":""},"categories":[],"tags":[],"class_list":["post-5629","post","type-post","status-publish","format-standard","hentry"],"_links":{"self":[{"href":"https:\/\/aguaslindasnoticias.com.br\/index.php\/wp-json\/wp\/v2\/posts\/5629","targetHints":{"allow":["GET"]}}],"collection":[{"href":"https:\/\/aguaslindasnoticias.com.br\/index.php\/wp-json\/wp\/v2\/posts"}],"about":[{"href":"https:\/\/aguaslindasnoticias.com.br\/index.php\/wp-json\/wp\/v2\/types\/post"}],"author":[{"embeddable":true,"href":"https:\/\/aguaslindasnoticias.com.br\/index.php\/wp-json\/wp\/v2\/users\/1"}],"replies":[{"embeddable":true,"href":"https:\/\/aguaslindasnoticias.com.br\/index.php\/wp-json\/wp\/v2\/comments?post=5629"}],"version-history":[{"count":0,"href":"https:\/\/aguaslindasnoticias.com.br\/index.php\/wp-json\/wp\/v2\/posts\/5629\/revisions"}],"wp:attachment":[{"href":"https:\/\/aguaslindasnoticias.com.br\/index.php\/wp-json\/wp\/v2\/media?parent=5629"}],"wp:term":[{"taxonomy":"category","embeddable":true,"href":"https:\/\/aguaslindasnoticias.com.br\/index.php\/wp-json\/wp\/v2\/categories?post=5629"},{"taxonomy":"post_tag","embeddable":true,"href":"https:\/\/aguaslindasnoticias.com.br\/index.php\/wp-json\/wp\/v2\/tags?post=5629"}],"curies":[{"name":"wp","href":"https:\/\/api.w.org\/{rel}","templated":true}]}}