{"id":5628,"date":"2023-01-04T10:14:17","date_gmt":"2023-01-04T13:14:17","guid":{"rendered":"https:\/\/aguaslindasnoticias.com.br\/index.php\/2023\/01\/04\/fim-da-poeira-via-que-liga-taquari-e-varjao-ganha-asfalto-novinho\/"},"modified":"2023-01-04T10:14:17","modified_gmt":"2023-01-04T13:14:17","slug":"fim-da-poeira-via-que-liga-taquari-e-varjao-ganha-asfalto-novinho","status":"publish","type":"post","link":"https:\/\/aguaslindasnoticias.com.br\/index.php\/2023\/01\/04\/fim-da-poeira-via-que-liga-taquari-e-varjao-ganha-asfalto-novinho\/","title":{"rendered":"Fim da poeira: via que liga Taquari e Varj\u00e3o ganha asfalto novinho"},"content":{"rendered":"\n<p>Com investimento de R$ 2 milh\u00f5es, nova pista pavimentada encurta o caminho entre as duas regi\u00f5es e d\u00e1 mais seguran\u00e7a e conforto a moradores<\/p>\n\n\n\n<p>Rafael Secunho, da Ag\u00eancia Bras\u00edlia | Edi\u00e7\u00e3o: Claudio Fernandes<\/p>\n\n\n\n<p>Uma estrada curta \u2013 de pouco mais de 1 km de extens\u00e3o \u2013 mas que far\u00e1 toda a diferen\u00e7a para milhares de moradores do Setor Habitacional Taquari, Lago Norte e Varj\u00e3o. O governador Ibaneis Rocha inaugurou, neste s\u00e1bado (7), a via de liga\u00e7\u00e3o Taquari\/Varj\u00e3o, obra conclu\u00edda pelo Departamento de Estradas de Rodagem (DER).<\/p>\n\n\n\n<figure class=\"wp-block-image\"><img decoding=\"async\" src=\"http:\/\/agenciabrasilia.df.gov.br\/wp-conteudo\/uploads\/2022\/05\/WhatsApp-Image-2022-05-07-at-15.41.29-1.jpeg\" alt=\"\" class=\"wp-image-403173\"\/><figcaption>A nova pista permitir\u00e1 o acesso r\u00e1pido dos residentes no Taquari aos bairros vizinhos, inclusive beneficiando estudantes da regi\u00e3o | Fotos: Paulo H. Carvalho\/Ag\u00eancia Bras\u00edlia<\/figcaption><\/figure>\n\n\n\n<p>Com a presen\u00e7a de autoridades e administradores regionais, Ibaneis Rocha cortou uma fita simb\u00f3lica liberando a pista para circula\u00e7\u00e3o. \u201cEsta foi uma obra que teve de ser feita com muito cuidado, por causa das quest\u00f5es ambientais. Cumprimos todas as exig\u00eancias do Bras\u00edlia Ambiental e hoje est\u00e1 entregue \u00e0 comunidade\u201d explicou o governador. \u201cPercebo aqui a satisfa\u00e7\u00e3o dos moradores, at\u00e9 mesmo pela quantidade de fam\u00edlias presentes na inaugura\u00e7\u00e3o\u201d. O investimento do governo na via foi de R$ 2 milh\u00f5es.<\/p>\n\n\n\n<p>Conforme lembrou o diretor-presidente do DER , Fauzi Nacfur, a nova pista permitir\u00e1 o acesso r\u00e1pido dos residentes no Taquari aos bairros vizinhos, inclusive beneficiando crian\u00e7as da regi\u00e3o. \u201cFilhos dos moradores do Taquari estudam nas escolas da redondeza e o acesso era por meio de uma pista de terra improvisada ou tinham de ir at\u00e9 pr\u00f3ximo ao Colorado. Essa nova via melhora a vida de muita gente\u201d, afirmou.<\/p>\n\n\n\n<figure><iframe src=\"https:\/\/www.youtube.com\/embed\/2LpJpWBz63A\" width=\"560\" height=\"315\" allowfullscreen=\"allowfullscreen\"><\/iframe><\/figure>\n\n\n\n<p><strong>Sujeira e longo trajeto<\/strong><\/p>\n\n\n\n<p>Entre as beneficiadas, tamb\u00e9m est\u00e1 uma antiga moradora dali. A aposentada Jocyleia Serrate, 72, est\u00e1 h\u00e1 25 anos no setor habitacional e confessou que passava por transtornos. \u201cA minha ch\u00e1cara \u00e9 uma das primeiras daqui e as janelas viviam cheias de poeira, sujas, por conta da estrada de ch\u00e3o. Sem contar a volta que tinha que dar ao vir de Sobradinho\u201d, revelou. \u201cAgora, chego no Lago Norte e na Sa\u00edda Norte em cinco minutinhos. Essa estrada nova \u00e9 uma ben\u00e7\u00e3o\u201d, comemora.<\/p>\n\n\n\n<p>O administrador do Lago Norte, Anderson Toledo, foi outro a comentar as facilidades que a nova via traz. \u201c\u00c9 1,2 km que vai fazer toda a diferen\u00e7a para a comunidade do nosso bairro e do Varj\u00e3o. A gente estima que aproximadamente 20 mil pessoas ser\u00e3o beneficiadas. Agora, teremos um deslocamento r\u00e1pido e com seguran\u00e7a\u201d, observou, ao lembrar que o Taquari pertence \u00e0 regi\u00e3o que ele administra.<\/p>\n\n\n\n<p>A obra incluiu, al\u00e9m da pavimenta\u00e7\u00e3o, a execu\u00e7\u00e3o de sistema de drenagem, meios-fios, ondula\u00e7\u00f5es, grama e sinaliza\u00e7\u00f5es horizontal e vertical. Tamb\u00e9m participaram da cerim\u00f4nia as deputadas federais Fl\u00e1via Arruda e Celina Le\u00e3o, o administrador do Varj\u00e3o, Daniel Crepaldi, o ex-administrador do Lago Norte Marcelo Ferreira e o secret\u00e1rio de Transporte e Mobilidade, Valter Casimiro.<\/p>\n","protected":false},"excerpt":{"rendered":"<p>Com investimento de R$ 2 milh\u00f5es, nova pista pavimentada encurta o caminho entre as duas regi\u00f5es e d\u00e1 mais seguran\u00e7a e conforto a moradores Rafael Secunho, da Ag\u00eancia Bras\u00edlia | Edi\u00e7\u00e3o: Claudio Fernandes Uma estrada curta \u2013 de pouco mais de 1 km de extens\u00e3o \u2013 mas que far\u00e1 toda a diferen\u00e7a para milhares de [&hellip;]<\/p>\n","protected":false},"author":1,"featured_media":0,"comment_status":"open","ping_status":"open","sticky":false,"template":"","format":"standard","meta":{"footnotes":""},"categories":[],"tags":[],"class_list":["post-5628","post","type-post","status-publish","format-standard","hentry"],"_links":{"self":[{"href":"https:\/\/aguaslindasnoticias.com.br\/index.php\/wp-json\/wp\/v2\/posts\/5628","targetHints":{"allow":["GET"]}}],"collection":[{"href":"https:\/\/aguaslindasnoticias.com.br\/index.php\/wp-json\/wp\/v2\/posts"}],"about":[{"href":"https:\/\/aguaslindasnoticias.com.br\/index.php\/wp-json\/wp\/v2\/types\/post"}],"author":[{"embeddable":true,"href":"https:\/\/aguaslindasnoticias.com.br\/index.php\/wp-json\/wp\/v2\/users\/1"}],"replies":[{"embeddable":true,"href":"https:\/\/aguaslindasnoticias.com.br\/index.php\/wp-json\/wp\/v2\/comments?post=5628"}],"version-history":[{"count":0,"href":"https:\/\/aguaslindasnoticias.com.br\/index.php\/wp-json\/wp\/v2\/posts\/5628\/revisions"}],"wp:attachment":[{"href":"https:\/\/aguaslindasnoticias.com.br\/index.php\/wp-json\/wp\/v2\/media?parent=5628"}],"wp:term":[{"taxonomy":"category","embeddable":true,"href":"https:\/\/aguaslindasnoticias.com.br\/index.php\/wp-json\/wp\/v2\/categories?post=5628"},{"taxonomy":"post_tag","embeddable":true,"href":"https:\/\/aguaslindasnoticias.com.br\/index.php\/wp-json\/wp\/v2\/tags?post=5628"}],"curies":[{"name":"wp","href":"https:\/\/api.w.org\/{rel}","templated":true}]}}