{"id":5625,"date":"2023-01-04T10:14:17","date_gmt":"2023-01-04T13:14:17","guid":{"rendered":"https:\/\/aguaslindasnoticias.com.br\/index.php\/2023\/01\/04\/maes-de-sobradinho-ganham-festa\/"},"modified":"2023-01-04T10:14:17","modified_gmt":"2023-01-04T13:14:17","slug":"maes-de-sobradinho-ganham-festa","status":"publish","type":"post","link":"https:\/\/aguaslindasnoticias.com.br\/index.php\/2023\/01\/04\/maes-de-sobradinho-ganham-festa\/","title":{"rendered":"M\u00e3es de Sobradinho ganham festa"},"content":{"rendered":"\n<p>Evento apoiado pelo GDF atrai centenas de pessoas em frente \u00e0 administra\u00e7\u00e3o regional; vacina\u00e7\u00e3o, corte de cabelo e maquiagem, al\u00e9m de brincadeiras para as crian\u00e7as, estavam entre as atividades oferecidas<\/p>\n\n\n\n<p>Luc\u00edola Barbosa, da Ag\u00eancia Bras\u00edlia | Edi\u00e7\u00e3o: Claudio Fernandes&nbsp;Centenas de pessoas participaram do evento alusivo ao Dia das M\u00e3es realizado neste s\u00e1bado (7) pelo Instituto Esp\u00edrito de Luz, Organiza\u00e7\u00e3o N\u00e3o Governamental (ONG) voltada, principalmente, para atividades de associa\u00e7\u00f5es de defesa de direitos sociais. O evento teve o apoio do Governo do Distrito Federal (GDF).<\/p>\n\n\n\n<p>Presente \u00e0 festa, o vice-governador Paco Britto, acompanhado de sua esposa, Ana Paula Hoff, e do administrador de Sobradinho, Osmar da Silva Fel\u00edcio, recebeu v\u00e1rias autoridades, entre elas, o comandante-geral do Corpo de Bombeiros Militar do DF, coronel Alan Alexandre Ara\u00fajo, e o deputado distrital Jo\u00e3o Cardoso.<\/p>\n\n\n\n<figure class=\"wp-block-image\"><img decoding=\"async\" src=\"http:\/\/agenciabrasilia.df.gov.br\/wp-conteudo\/uploads\/2022\/05\/WhatsApp-Image-2022-05-07-at-19.40.31-1-1024x639.jpeg\" alt=\"\" class=\"wp-image-403211\"\/><figcaption>Centenas de pessoas aproveitaram as atividades em homenagem \u00e0s m\u00e3es em Sobradinho | Fotos: Divulga\u00e7\u00e3o\/PC Chaves<\/figcaption><\/figure>\n\n\n\n<p>Paco Britto destacou o apoio do GDF ao evento, ratificando a import\u00e2ncia de levar o governo para perto das pessoas. \u201cEssa intera\u00e7\u00e3o do governo com a comunidade \u00e9 muito importante\u201d, disse, ap\u00f3s tomar a vacina contra a influenza, disponibilizada na administra\u00e7\u00e3o para os visitantes.<\/p>\n\n\n\n<p>O administrador de Sobradinho concordou com o vice-governador. \u201cEste evento social \u00e9 muito bem recebido pela comunidade, pois traz servi\u00e7os b\u00e1sicos, como retirar a carteira de identidade\u201d, pontuou Osmar.<\/p>\n\n\n\n<p>Fam\u00edlias inteiras aproveitaram a data para colocar em dia os servi\u00e7os b\u00e1sicos disponibilizados por v\u00e1rios \u00f3rg\u00e3os do governo e tamb\u00e9m se divertir e se cuidar no espa\u00e7o especialmente reservado em frente \u00e0 administra\u00e7\u00e3o regional da cidade. L\u00e1, a popula\u00e7\u00e3o contou com diversas atividades, entre elas, as destinadas ao cuidado pessoal, como corte de cabelo e maquiagem, oferecidas pelo Servi\u00e7o Nacional de Aprendizagem Comercial (Senac-DF).<\/p>\n\n\n\n<figure class=\"wp-block-image\"><img decoding=\"async\" src=\"http:\/\/agenciabrasilia.df.gov.br\/wp-conteudo\/uploads\/2022\/05\/WhatsApp-Image-2022-05-07-at-19.40.31-300x225.jpeg\" alt=\"\" class=\"wp-image-403212\"\/><figcaption>Corpo de Bombeiros, Pol\u00edcia Militar e v\u00e1rios outros \u00f3rg\u00e3os do GDF participaram do evento | Foto Divulga\u00e7\u00e3o PC Chaves<\/figcaption><\/figure>\n\n\n\n<p>A barraca do Corpo de Bombeiros Militar (CBMDF) e da Pol\u00edcia Militar do Distrito Federal (PMDF) fez a festa, principalmente, da crian\u00e7ada, que disputava para tirar fotos com o mascote da PMDF. Demonstra\u00e7\u00f5es dos materiais utilizados no socorro pr\u00e9-hospitalar; manobra de recupera\u00e7\u00e3o cardiopulmonar (RCP); al\u00e9m das viaturas e mangueiras dos ve\u00edculos da CBMDF foram outras atra\u00e7\u00f5es encontradas na tenda dos militares.<\/p>\n\n\n\n<p><strong>Sa\u00fade<\/strong><\/p>\n\n\n\n<p>Na \u00e1rea da sa\u00fade, o agendamento de exames de mamografia foi um dos mais procurados, como conta a artes\u00e3 Edna Martins, 59 anos, uma das 300 mulheres que buscaram o servi\u00e7o, no local, na tenda da secretaria. Aliviada com a marca\u00e7\u00e3o, Edna tranquilamente andava no espa\u00e7o entre as tendas, segurando uma sombrinha para proteger-se do sol, e acompanhada do sobrinho Lu\u00eds Eduardo Martins, 20.<\/p>\n\n\n\n<p>Nascido em Sobradinho, Lu\u00eds Eduardo elogiou o evento. \u201cMuito bom. A uni\u00e3o de todos, governo e sociedade, \u00e9 muito importante. A comunidade estava isolada socialmente, devido \u00e0 pandemia. Sobradinho sempre teve eventos e hoje resgatamos esta caracter\u00edstica da cidade\u201d, valorizou o t\u00e9cnico de inform\u00e1tica, que j\u00e1 havia visitado os estandes do Corpo de Bombeiros, do Servi\u00e7o Social do Com\u00e9rcio (Sesc-DF) e a Carreta da Mulher.<\/p>\n\n\n\n<p>No espa\u00e7o da festa, tamb\u00e9m estavam instaladas as tendas da Ag\u00eancia Reguladora de \u00c1guas, Energia e Saneamento B\u00e1sico do Distrito Federal (Adasa); da Companhia de Saneamento Ambiental do DF (Caesb); da Empresa de Assist\u00eancia T\u00e9cnica e Extens\u00e3o Rural (Emater-DF); da Vigil\u00e2ncia Sanit\u00e1ria; do Na Hora; do Posto Avan\u00e7ado do Banco de Bras\u00edlia (BRB), bem como as das secretarias de Cultura; de Turismo e da Justi\u00e7a e Cidadania, com atendimento psicol\u00f3gico e assist\u00eancia social.<\/p>\n\n\n\n<p><strong>Flores<\/strong><\/p>\n\n\n\n<p>As m\u00e3es que passaram pela tenda do Instituto Esp\u00edrito de Luz levaram lembran\u00e7as: vasos com mudas de flores e lixas para unha. Segundo a presidente da empresa, Milda Moraes, esta foi a primeira a\u00e7\u00e3o social do instituto em parceria com o GDF. \u201cJ\u00e1 vinha dialogando com o vice-governador Paco Britto [sobre a a\u00e7\u00e3o social] e, a\u00ed, ele nos chamou e surgiu a iniciativa deste primeiro evento em parceria com o governo\u201d, revelou. Ainda de acordo com ela, cerca de 500 vasos foram distribu\u00eddos \u00e0s m\u00e3es ao longo do dia. Na equipe, 12 pessoas trabalhavam tamb\u00e9m na produ\u00e7\u00e3o de mandalas, para que as crian\u00e7as pudessem presentear as m\u00e3es.<\/p>\n\n\n\n<p>Os pequenos se divertiram tamb\u00e9m com os brinquedos infl\u00e1veis e se deliciaram com as guloseimas, como pipoca e algod\u00e3o-doce.<\/p>\n","protected":false},"excerpt":{"rendered":"<p>Evento apoiado pelo GDF atrai centenas de pessoas em frente \u00e0 administra\u00e7\u00e3o regional; vacina\u00e7\u00e3o, corte de cabelo e maquiagem, al\u00e9m de brincadeiras para as crian\u00e7as, estavam entre as atividades oferecidas Luc\u00edola Barbosa, da Ag\u00eancia Bras\u00edlia | Edi\u00e7\u00e3o: Claudio Fernandes&nbsp;Centenas de pessoas participaram do evento alusivo ao Dia das M\u00e3es realizado neste s\u00e1bado (7) pelo Instituto [&hellip;]<\/p>\n","protected":false},"author":1,"featured_media":0,"comment_status":"open","ping_status":"open","sticky":false,"template":"","format":"standard","meta":{"footnotes":""},"categories":[],"tags":[],"class_list":["post-5625","post","type-post","status-publish","format-standard","hentry"],"_links":{"self":[{"href":"https:\/\/aguaslindasnoticias.com.br\/index.php\/wp-json\/wp\/v2\/posts\/5625","targetHints":{"allow":["GET"]}}],"collection":[{"href":"https:\/\/aguaslindasnoticias.com.br\/index.php\/wp-json\/wp\/v2\/posts"}],"about":[{"href":"https:\/\/aguaslindasnoticias.com.br\/index.php\/wp-json\/wp\/v2\/types\/post"}],"author":[{"embeddable":true,"href":"https:\/\/aguaslindasnoticias.com.br\/index.php\/wp-json\/wp\/v2\/users\/1"}],"replies":[{"embeddable":true,"href":"https:\/\/aguaslindasnoticias.com.br\/index.php\/wp-json\/wp\/v2\/comments?post=5625"}],"version-history":[{"count":0,"href":"https:\/\/aguaslindasnoticias.com.br\/index.php\/wp-json\/wp\/v2\/posts\/5625\/revisions"}],"wp:attachment":[{"href":"https:\/\/aguaslindasnoticias.com.br\/index.php\/wp-json\/wp\/v2\/media?parent=5625"}],"wp:term":[{"taxonomy":"category","embeddable":true,"href":"https:\/\/aguaslindasnoticias.com.br\/index.php\/wp-json\/wp\/v2\/categories?post=5625"},{"taxonomy":"post_tag","embeddable":true,"href":"https:\/\/aguaslindasnoticias.com.br\/index.php\/wp-json\/wp\/v2\/tags?post=5625"}],"curies":[{"name":"wp","href":"https:\/\/api.w.org\/{rel}","templated":true}]}}