{"id":5624,"date":"2023-01-04T10:14:17","date_gmt":"2023-01-04T13:14:17","guid":{"rendered":"https:\/\/aguaslindasnoticias.com.br\/index.php\/2023\/01\/04\/profissionais-da-contabilidade-sao-homenageados-em-sessao-da-camara-legislativa\/"},"modified":"2023-01-04T10:14:17","modified_gmt":"2023-01-04T13:14:17","slug":"profissionais-da-contabilidade-sao-homenageados-em-sessao-da-camara-legislativa","status":"publish","type":"post","link":"https:\/\/aguaslindasnoticias.com.br\/index.php\/2023\/01\/04\/profissionais-da-contabilidade-sao-homenageados-em-sessao-da-camara-legislativa\/","title":{"rendered":"Profissionais da Contabilidade s\u00e3o homenageados em sess\u00e3o da C\u00e2mara Legislativa"},"content":{"rendered":"\n<p>Foto: Renan Lisboa\/CLDF<\/p>\n\n\n\n<figure class=\"wp-block-image size-large\"><img decoding=\"async\" src=\"http:\/\/claricegulyas.com.br\/wp-content\/uploads\/2022\/05\/2211270RL-06.05-5-1024x683.jpg\" alt=\"\" class=\"wp-image-10161\"\/><\/figure>\n\n\n\n<figure class=\"wp-block-image\"><img decoding=\"async\" src=\"https:\/\/www.cl.df.gov.br\/documents\/10162\/25784657\/2211270RL+-+06.05+%285%29.jpg\/fec694f4-94f7-e01b-ec91-9843e1223096?t=1651871394313\" alt=\"A cerim\u00f4nia foi presidida pela deputada J\u00falia Lucy, autora da iniciativa\"\/><\/figure>\n\n\n\n<p>A cerim\u00f4nia foi presidida pela deputada J\u00falia Lucy, autora da iniciativa<\/p>\n\n\n\n<p>A import\u00e2ncia dos profissionais da Contabilidade no desenvolvimento e assessoramento de empresas p\u00fablicas e privadas foi enaltecida na tarde desta sexta-feira (6), durante sess\u00e3o solene da C\u00e2mara Legislativa do Distrito Federal em homenagem ao Dia do Contabilista. Representantes de diversas entidades locais e nacionais participaram da homenagem, proposta pela deputada distrital J\u00falia Lucy (Uni\u00e3o Brasil). A data \u00e9 comemorada anualmente em 25 de abril.<\/p>\n\n\n\n<p>J\u00falia Lucy informou que fez um curso t\u00e9cnico de contabilidade no Senac com 14 anos, o que a possibilitou conseguir seu primeiro emprego. \u201cO fato de eu ter estudado a organiza\u00e7\u00e3o cont\u00e1bil me deu uma dire\u00e7\u00e3o e me deixou um olhar muito rigoroso sobre contas, o que est\u00e1 presente no meu mandato\u201d, afirmou, acrescentando que os profissionais de Contabilidade lidam com \u201ctoda a complexidade do sistema tribut\u00e1rio brasileiro e s\u00e3o verdadeiros her\u00f3is\u201d.<\/p>\n\n\n\n<p>A presidente do Instituto da Mulher Contabilista do DF, Milca Josefina Maciel, disse que as dificuldades e preconceitos das mulheres no exerc\u00edcio da profiss\u00e3o v\u00eam sendo derrubados pelas profissionais. Segundo ela, o Instituto surgiu para apoiar a mulher que decidiu empreender e a mulher contabilista. De acordo com dados do Conselho Federal de Contabilidade (CFC), atualmente no Brasil, as mulheres representam 43% da classe. Ao todo, o Pa\u00eds conta com 521 mil profissionais de contabilidade. O CFC calcula ainda que o DF possui 14.280 profissionais de Contabilidade ativos.<\/p>\n\n\n\n<p><img decoding=\"async\" width=\"366\" class=\"\" src=\"https:\/\/www.cl.df.gov.br\/documents\/10162\/25784657\/2211270RL+-+06.05+%286%29.jpg\/9c2f467e-19d2-a305-b3d4-a58c42bdff68?t=1651871394532\">Sandra Elvira Gomes Santiago, presidente da Funda\u00e7\u00e3o Brasileira de Contabilidade (FBC), demonstrou orgulho com a homenagem, que, segundo ela, \u201cdignifica os profissionais\u201d. Para ela, apesar da atividade ser ancestral, ela \u00e9 exercida hoje por uma \u201ccategoria moderna, que incorpora recursos tecnol\u00f3gicos\u201d e se aprimora continuamente. \u201cAs entidades nacionais e regionais da nossa classe se empenham para multiplicar recursos e potencializar a\u00e7\u00f5es, tendo em vista os mais de 500 mil profissionais do setor\u201d, completou.<\/p>\n\n\n\n<p><strong>Atua\u00e7\u00e3o no desenvolvimento das empresas<\/strong><\/p>\n\n\n\n<p>J\u00e1 Aberto Milhomem Barbosa, presidente do Conselho Regional de Contabilidade do DF, relatou dificuldades do mercado de encontrar profissionais para ocupar vagas oferecidas. Ele pediu apoio da CLDF para as demandas da categoria junto ao GDF. Manoel Carlos de Oliveira J\u00fanior, vice-presidente de Pol\u00edtica Institucional do Conselho Federal de Contabilidade, ressaltou que a categoria \u00e9 respons\u00e1vel pela administra\u00e7\u00e3o cont\u00e1bil, patrimonial, tribut\u00e1ria e fiscal das empresas, dando transpar\u00eancia aos atos e fatos e assessorando na gest\u00e3o das organiza\u00e7\u00f5es, estando ligada diretamente no desenvolvimento e crescimento das empresas p\u00fablicas ou privadas. Ele tamb\u00e9m destacou a atua\u00e7\u00e3o dos profissionais na intermedia\u00e7\u00e3o dos impactos financeiros decorrentes da pandemia de Covid-19.<\/p>\n\n\n\n<p>O presidente da Federa\u00e7\u00e3o Nacional das Empresas de Servi\u00e7os Cont\u00e1beis e das Empresas de Assessoramento (Fenacon), S\u00e9rgio Machado J\u00fanior, enalteceu a import\u00e2ncia do trabalho desenvolvido pelos contabilistas em prol da sociedade e defendeu a aprova\u00e7\u00e3o de reformas da legisla\u00e7\u00e3o e das regras, visando facilitar a vida do empresariado.<\/p>\n\n\n\n<p><img decoding=\"async\" width=\"366\" src=\"https:\/\/www.cl.df.gov.br\/documents\/10162\/25784657\/2211270RL+-+06.05+%287%29.jpg\/6f7d76ee-a6b2-eefe-1be5-d3dfa80011d5?t=1651871394751\">Sandra Maria Batista, da Federa\u00e7\u00e3o Brasileira das Associa\u00e7\u00f5es de Peritos, \u00c1rbitros, Mediadores e Conciliadores da Febraban, classificou a profiss\u00e3o&nbsp;como a ci\u00eancia que abra\u00e7a o patrim\u00f4nio do pequeno ao grande neg\u00f3cio. Ela assinalou que os profissionais de Contabilidade s\u00e3o homens e mulheres de confian\u00e7a e oferecem aconselhamento e orienta\u00e7\u00e3o para a tomada de decis\u00f5es. \u201cOs profissionais da contabilidade est\u00e3o juntos com aqueles que sonham com o desenvolvimento da sociedade\u201d, concluiu.<\/p>\n\n\n\n<p><img decoding=\"async\" width=\"388\" src=\"https:\/\/www.cl.df.gov.br\/documents\/10162\/25784657\/2211270RL+-+06.05+%283%29.jpg\/a51f4b88-1fca-90a6-c131-cd5bc021941b?t=1651871393704\">Ao final da sess\u00e3o, v\u00e1rios contabilistas receberam da deputada J\u00falia Lucy mo\u00e7\u00f5es de louvor por sua atua\u00e7\u00e3o. \u201cSelecionamos representantes para homenagear toda a categoria por serem pessoas respeitadas pela popula\u00e7\u00e3o do Distrito Federal, que desenvolvem trabalhos reconhecidos, cujos ideais encontram-se em conson\u00e2ncia com as premissas de liberdade econ\u00f4mica, desenvolvimento, empreendedorismo, valoriza\u00e7\u00e3o da profiss\u00e3o e gera\u00e7\u00e3o de emprego e renda\u201d, destacou a distrital.<br>&nbsp;<\/p>\n\n\n\n<p><em>* Com informa\u00e7\u00f5es da assessoria de comunica\u00e7\u00e3o da deputada J\u00falia Lucy<\/em><\/p>\n\n\n\n<p><strong>Lu\u00eds Cl\u00e1udio Alves &#8211; Ag\u00eancia CLDF<\/strong><\/p>\n","protected":false},"excerpt":{"rendered":"<p>Foto: Renan Lisboa\/CLDF A cerim\u00f4nia foi presidida pela deputada J\u00falia Lucy, autora da iniciativa A import\u00e2ncia dos profissionais da Contabilidade no desenvolvimento e assessoramento de empresas p\u00fablicas e privadas foi enaltecida na tarde desta sexta-feira (6), durante sess\u00e3o solene da C\u00e2mara Legislativa do Distrito Federal em homenagem ao Dia do Contabilista. Representantes de diversas entidades [&hellip;]<\/p>\n","protected":false},"author":1,"featured_media":0,"comment_status":"open","ping_status":"open","sticky":false,"template":"","format":"standard","meta":{"footnotes":""},"categories":[],"tags":[],"class_list":["post-5624","post","type-post","status-publish","format-standard","hentry"],"_links":{"self":[{"href":"https:\/\/aguaslindasnoticias.com.br\/index.php\/wp-json\/wp\/v2\/posts\/5624","targetHints":{"allow":["GET"]}}],"collection":[{"href":"https:\/\/aguaslindasnoticias.com.br\/index.php\/wp-json\/wp\/v2\/posts"}],"about":[{"href":"https:\/\/aguaslindasnoticias.com.br\/index.php\/wp-json\/wp\/v2\/types\/post"}],"author":[{"embeddable":true,"href":"https:\/\/aguaslindasnoticias.com.br\/index.php\/wp-json\/wp\/v2\/users\/1"}],"replies":[{"embeddable":true,"href":"https:\/\/aguaslindasnoticias.com.br\/index.php\/wp-json\/wp\/v2\/comments?post=5624"}],"version-history":[{"count":0,"href":"https:\/\/aguaslindasnoticias.com.br\/index.php\/wp-json\/wp\/v2\/posts\/5624\/revisions"}],"wp:attachment":[{"href":"https:\/\/aguaslindasnoticias.com.br\/index.php\/wp-json\/wp\/v2\/media?parent=5624"}],"wp:term":[{"taxonomy":"category","embeddable":true,"href":"https:\/\/aguaslindasnoticias.com.br\/index.php\/wp-json\/wp\/v2\/categories?post=5624"},{"taxonomy":"post_tag","embeddable":true,"href":"https:\/\/aguaslindasnoticias.com.br\/index.php\/wp-json\/wp\/v2\/tags?post=5624"}],"curies":[{"name":"wp","href":"https:\/\/api.w.org\/{rel}","templated":true}]}}