{"id":5622,"date":"2023-01-04T10:14:17","date_gmt":"2023-01-04T13:14:17","guid":{"rendered":"https:\/\/aguaslindasnoticias.com.br\/index.php\/2023\/01\/04\/gestores-visitam-escola-de-gestao-compartilhada-em-sobradinho\/"},"modified":"2023-01-04T10:14:17","modified_gmt":"2023-01-04T13:14:17","slug":"gestores-visitam-escola-de-gestao-compartilhada-em-sobradinho","status":"publish","type":"post","link":"https:\/\/aguaslindasnoticias.com.br\/index.php\/2023\/01\/04\/gestores-visitam-escola-de-gestao-compartilhada-em-sobradinho\/","title":{"rendered":"Gestores visitam escola de gest\u00e3o compartilhada em Sobradinho"},"content":{"rendered":"\n<p>Comitiva composta por for\u00e7as de seguran\u00e7a esteve no Centro Educacional 3 \u2013 Col\u00e9gio C\u00edvico Militar, nesta quinta (5), como parte da programa\u00e7\u00e3o da Cidade da Seguran\u00e7a P\u00fablica<\/p>\n\n\n\n<p>Ag\u00eancia Bras\u00edlia* | Edi\u00e7\u00e3o: Carolina Lobo<\/p>\n\n\n\n<p>Como parte das a\u00e7\u00f5es da oitava edi\u00e7\u00e3o da Cidade da Seguran\u00e7a P\u00fablica, que est\u00e1 em Sobradinho com oferta de servi\u00e7os at\u00e9 s\u00e1bado (7) e a\u00e7\u00f5es de policiamento qualificado at\u00e9 domingo (8), gestores da Secretaria de Seguran\u00e7a P\u00fablica (SSP\/DF) e representantes das for\u00e7as de seguran\u00e7a estiveram no Centro Educacional 3 \u2013 Col\u00e9gio C\u00edvico Militar (CED 03 \u2013 CCMDF), localizado na regi\u00e3o, nesta quinta-feira (5). A escola, que integra o projeto-piloto de gest\u00e3o compartilhada iniciado em 2019, atende alunos com idades entre 10 e 18 anos, totalizando cerca de 1.650 estudantes.<\/p>\n\n\n\n<p>Al\u00e9m de conhecer a estrutura da unidade escolar, a comitiva entrou em salas de aula e conversou com alunos e professores. \u201cEssa \u00e9 uma forma de nos aproximar ainda mais desses alunos, entender a realidade em que vivem e compartilhar experi\u00eancias. Foi muito gratificante. Essas visitas foram inclu\u00eddas em nossas agendas durante a realiza\u00e7\u00e3o da Cidade da Seguran\u00e7a P\u00fablica nas regi\u00f5es que contam com este modelo de ensino\u201d, relata o secret\u00e1rio de Seguran\u00e7a P\u00fablica, J\u00falio Danilo.<\/p>\n\n\n\n<figure class=\"wp-block-image\"><img decoding=\"async\" src=\"http:\/\/www.agenciabrasilia.df.gov.br\/wp-conteudo\/uploads\/2022\/05\/capa_sedes_1.jpeg\" alt=\"\" class=\"wp-image-402367\"\/><figcaption>O secret\u00e1rio de Seguran\u00e7a P\u00fablica, J\u00falio Danilo, afirmou: \u201cEssa \u00e9 uma forma de nos aproximar ainda mais desses alunos, entender a realidade em que vivem e compartilhar experi\u00eancias\u201d | Fotos: Sedes<\/figcaption><\/figure>\n\n\n\n<p>Para o 3\u00b0 sargento da Pol\u00edcia Militar do Distrito Federal (PMDF) Cristiano, monitor no CED 03 \u2013 CCMDF, o modelo de gest\u00e3o compartilhada aumenta a seguran\u00e7a dentro e fora da escola, devido a presen\u00e7a dos militares em ambos os locais. \u201cOs alunos perceberam uma melhora no sentido de n\u00e3o ter mais problemas de viol\u00eancia e briga entre alunos. Houve uma mudan\u00e7a geral no sentido de satisfa\u00e7\u00e3o e hoje h\u00e1 uma fila de espera de interessados que querem estudar na escola\u201d, disse. \u201cQuando chegamos aqui, est\u00e1vamos com a proposta de atuar de forma mais educacional do que repressora. E a proposta deu certo, porque colocamos para eles todas as regras que deveriam ter dentro das normas educacionais da escola para que pudessem viver em sociedade e terem uma boa conduta dentro e fora da escola. Eles compraram a ideia\u201d, completa.<\/p>\n\n\n\n<p>Ele explica, ainda, que a atua\u00e7\u00e3o da PMDF busca desenvolver cada vez mais os alunos, por meio da conversa e colabora\u00e7\u00e3o. \u201cAqui tamb\u00e9m buscamos atuar como educadores. Entendemos que o papel da pol\u00edcia, dentro das escolas, deve ser voltado mais para a educa\u00e7\u00e3o, ent\u00e3o os policiais buscam ensinar sobre conduta, ser exemplo e conversar com os alunos. O respeito rec\u00edproco. A gente procura fazer desse ambiente um local educacional. N\u00e3o \u00e9 apenas punir. Essa, na verdade, \u00e9 a \u00faltima inst\u00e2ncia da pol\u00edcia\u201d, descreve o sargento, que atua h\u00e1 oito anos na \u00e1rea educacional.<\/p>\n\n\n\n<p>A estudante do 3\u00ba ano do ensino m\u00e9dio, Ana Carolina Bernardes, 17 anos, conta que a participa\u00e7\u00e3o dos militares na vida estudantil tem sido bastante positiva para os alunos. \u201cO nosso relacionamento com eles \u00e9 muito bom\u201d, contou a aluna. \u201cAcho que ficou mais organizado e com mais disciplina. Hoje me sinto mais segura na escola\u201d, acrescentou a jovem.<\/p>\n\n\n\n<p><strong>Instrumentos musicais e materiais esportivos<\/strong><\/p>\n\n\n\n<p>Durante a visita, foram entregues aos alunos mais 52 instrumentos musicais, como viol\u00e3o e flauta. \u201cPassam de cem instrumentos agora. Esta \u00e9 uma escola especial. Mais de tr\u00eas anos e excelentes resultados, com indicadores importantes, como aprova\u00e7\u00e3o de alunos no vestibular da UnB. \u00c9 uma escola que tem lista de espera de pais interessados no modelo\u201d, revela o subsecret\u00e1rio de Escolas de Gest\u00e3o Compartilhada, da SSP\/DF, coronel Alexandre Ferro.<\/p>\n\n\n\n<p>\u201c\u00c9 preciso razoabilidade para percebermos que a disciplina e o processo ensino-aprendizagem s\u00e3o indissoci\u00e1veis. Dessa forma, com a pr\u00e1tica diuturna da disciplina, ser\u00e3o ineg\u00e1veis os reflexos positivos no campo pedag\u00f3gico\u201d, comenta o diretor pedag\u00f3gico, Geraldo Calado.<\/p>\n\n\n\n<p>A escola recebeu materiais esportivos, como bolas e redes de v\u00f4lei. \u201cO material vai contribuir para a\u00e7\u00f5es do contraturno. Quando os alunos ficam na escola, permanecem em um ambiente controlado e em seguran\u00e7a. Estamos iniciando um novo projeto dentro das escolas de gest\u00e3o compartilhada, que \u00e9 a escola de campe\u00f5es, que tem por objetivo levar a pr\u00e1tica de atividades esportivas. As aulas ficar\u00e3o a cargo da Educa\u00e7\u00e3o\u201d, completa Ferro.<\/p>\n\n\n\n<p><strong>C\u00edvico-militar<\/strong><\/p>\n\n\n\n<p>O modelo de compartilhamento de ensino \u00e9 uma parceria entre a SSP e a Secretaria de Educa\u00e7\u00e3o (SEE). A SSP \u00e9 respons\u00e1vel pela gest\u00e3o disciplinar, com o emprego do efetivo da Pol\u00edcia Militar do Distrito Federal (PMDF) e do Corpo de Bombeiros Militar do Distrito Federal (CBMDF) na coordena\u00e7\u00e3o de atividades extracurriculares e nas a\u00e7\u00f5es disciplinares voltadas \u00e0 forma\u00e7\u00e3o c\u00edvica, moral e \u00e9tica do corpo discente, objetivando o bem-estar social. J\u00e1 a SEE responde pela gest\u00e3o administrativa e pedag\u00f3gica das escolas e pelo cumprimento da proposta pedag\u00f3gica, conforme a Lei de Diretrizes Educacionais.<\/p>\n\n\n\n<figure class=\"wp-block-image\"><img decoding=\"async\" src=\"http:\/\/www.agenciabrasilia.df.gov.br\/wp-conteudo\/uploads\/2022\/05\/sedes_dentro_2.jpeg\" alt=\"\" class=\"wp-image-402376\"\/><figcaption>Integrante do projeto-piloto de gest\u00e3o compartilhada iniciado em 2019, o CED 03 \u2013 CCMDF atende alunos com idades entre 10 e 18 anos, totalizando 1.650 estudantes<\/figcaption><\/figure>\n\n\n\n<p>Atualmente o projeto atende 11 escolas p\u00fablicas do Distrito Federal. A 12\u00aa escola, localizada em Brazl\u00e2ndia, passou pelo processo de vota\u00e7\u00e3o para escolha do modelo, que est\u00e1 sendo implementado:<\/p>\n\n\n\n<p>\u2013 Centro Educacional 03, de Sobradinho;<br>\u2013 Centro Educacional 308, do Recanto das Emas;<br>\u2013 Centro Educacional 01, da Estrutural;<br>\u2013 Centro Educacional 07, de Ceil\u00e2ndia;<br>\u2013 Centro Educacional Condom\u00ednio Est\u00e2ncia III, de Planaltina;<br>\u2013 Centro Educacional 01, do Itapo\u00e3;<br>\u2013 Centro de Ensino Fundamental 19, de Taguatinga;<br>\u2013 Centro de Ensino Fundamental 01, do N\u00facleo Bandeirante;<br>\u2013 Centro de Ensino Fundamental 407, de Samambaia;<br>\u2013 Centro de Ensino Fundamental 01, do Riacho Fundo II;<br>\u2013 Centro de Ensino Fundamental 01, do Parano\u00e1.<\/p>\n\n\n\n<p><em>*Com informa\u00e7\u00f5es da Secretaria de Seguran\u00e7a P\u00fablica do DF<\/em><\/p>\n","protected":false},"excerpt":{"rendered":"<p>Comitiva composta por for\u00e7as de seguran\u00e7a esteve no Centro Educacional 3 \u2013 Col\u00e9gio C\u00edvico Militar, nesta quinta (5), como parte da programa\u00e7\u00e3o da Cidade da Seguran\u00e7a P\u00fablica Ag\u00eancia Bras\u00edlia* | Edi\u00e7\u00e3o: Carolina Lobo Como parte das a\u00e7\u00f5es da oitava edi\u00e7\u00e3o da Cidade da Seguran\u00e7a P\u00fablica, que est\u00e1 em Sobradinho com oferta de servi\u00e7os at\u00e9 s\u00e1bado [&hellip;]<\/p>\n","protected":false},"author":1,"featured_media":0,"comment_status":"open","ping_status":"open","sticky":false,"template":"","format":"standard","meta":{"footnotes":""},"categories":[],"tags":[],"class_list":["post-5622","post","type-post","status-publish","format-standard","hentry"],"_links":{"self":[{"href":"https:\/\/aguaslindasnoticias.com.br\/index.php\/wp-json\/wp\/v2\/posts\/5622","targetHints":{"allow":["GET"]}}],"collection":[{"href":"https:\/\/aguaslindasnoticias.com.br\/index.php\/wp-json\/wp\/v2\/posts"}],"about":[{"href":"https:\/\/aguaslindasnoticias.com.br\/index.php\/wp-json\/wp\/v2\/types\/post"}],"author":[{"embeddable":true,"href":"https:\/\/aguaslindasnoticias.com.br\/index.php\/wp-json\/wp\/v2\/users\/1"}],"replies":[{"embeddable":true,"href":"https:\/\/aguaslindasnoticias.com.br\/index.php\/wp-json\/wp\/v2\/comments?post=5622"}],"version-history":[{"count":0,"href":"https:\/\/aguaslindasnoticias.com.br\/index.php\/wp-json\/wp\/v2\/posts\/5622\/revisions"}],"wp:attachment":[{"href":"https:\/\/aguaslindasnoticias.com.br\/index.php\/wp-json\/wp\/v2\/media?parent=5622"}],"wp:term":[{"taxonomy":"category","embeddable":true,"href":"https:\/\/aguaslindasnoticias.com.br\/index.php\/wp-json\/wp\/v2\/categories?post=5622"},{"taxonomy":"post_tag","embeddable":true,"href":"https:\/\/aguaslindasnoticias.com.br\/index.php\/wp-json\/wp\/v2\/tags?post=5622"}],"curies":[{"name":"wp","href":"https:\/\/api.w.org\/{rel}","templated":true}]}}