{"id":5621,"date":"2023-01-04T10:14:17","date_gmt":"2023-01-04T13:14:17","guid":{"rendered":"https:\/\/aguaslindasnoticias.com.br\/index.php\/2023\/01\/04\/aguas-claras-chega-aos-19-anos-em-plena-expansao\/"},"modified":"2023-01-04T10:14:17","modified_gmt":"2023-01-04T13:14:17","slug":"aguas-claras-chega-aos-19-anos-em-plena-expansao","status":"publish","type":"post","link":"https:\/\/aguaslindasnoticias.com.br\/index.php\/2023\/01\/04\/aguas-claras-chega-aos-19-anos-em-plena-expansao\/","title":{"rendered":"\u00c1guas Claras chega aos 19 anos em plena expans\u00e3o"},"content":{"rendered":"\n<p>Em tr\u00eas anos, GDF investe R$ 25,8 milh\u00f5es na regi\u00e3o administrativa<\/p>\n\n\n\n<p>Catarina Lima, da Ag\u00eancia Bras\u00edlia I Edi\u00e7\u00e3o: D\u00e9bora Cronemberger<\/p>\n\n\n\n<p>\u00c1guas Claras, cidade marcada pelos pr\u00e9dios altos e ruas com nomes de \u00e1rvores e de flores, completa 19 anos nesta sexta-feira (6) e, como todo jovem, est\u00e1 envolvida em muitas novidades. Desde o in\u00edcio da administra\u00e7\u00e3o do governador Ibaneis Rocha, em 2019, foram investidos na cidade R$ 8,8 milh\u00f5es em projetos j\u00e1 conclu\u00eddos.<\/p>\n\n\n\n<figure class=\"wp-block-image\"><img decoding=\"async\" src=\"http:\/\/www.agenciabrasilia.df.gov.br\/wp-conteudo\/uploads\/2022\/05\/JRO_2261-scaled.jpg\" alt=\"\" class=\"wp-image-401952\"\/><figcaption>\u00c1guas Claras completa 19 anos com v\u00e1rias obras, que somam R$ 17 milh\u00f5es de investimento | Fotos: Joel Rodrigues\/Ag\u00eancia Bras\u00edlia<\/figcaption><\/figure>\n\n\n\n<p>Estes recursos contemplaram obras vi\u00e1rias, constru\u00e7\u00e3o de uma nova esta\u00e7\u00e3o do Metr\u00f4, recapeamento de ruas e substitui\u00e7\u00e3o de 1.562 l\u00e2mpadas de convencionais por equipamentos de LED.&nbsp; J\u00e1 as obras em andamento totalizam R$ 17 milh\u00f5es e abrangem a constru\u00e7\u00e3o de cal\u00e7adas, pavimenta\u00e7\u00e3o e a constru\u00e7\u00e3o da terceira sa\u00edda da cidade \u2013 esta \u00faltima&nbsp; executada pelo DER com investimento total de R$ 14 milh\u00f5es.<\/p>\n\n\n\n<blockquote class=\"wp-block-quote is-layout-flow wp-block-quote-is-layout-flow\"><p>\u201cEnxergo \u00c1guas Claras com futuro brilhante e promissor. \u00c9 uma cidade que n\u00e3o para e, no auge dos seus 19 anos, tem muitos planos, projetos e sonhos a serem realizados\u201dAndr\u00e9 Queiroz, administrador da cidade<\/p><\/blockquote>\n\n\n\n<p>A obra de mobilidade que cria a terceira sa\u00edda \u00e9 considerada pelo administrador da cidade, Andr\u00e9 Queiroz, a mais importante entre as que est\u00e3o em execu\u00e7\u00e3o. \u201cA terceira sa\u00edda beneficiar\u00e1 150 mil moradores\u201d, disse.<\/p>\n\n\n\n<p>Para Queiroz, \u00c1guas Claras, apesar da pouca idade, \u00e9 a grande metr\u00f3pole do \u201cquadradinho\u201d, espa\u00e7o delimitado pelo DF. \u201cDona de um conjunto arquitet\u00f4nico \u00fanico, verticalizado, a cidade traz na sua ess\u00eancia modernidade e jovialidade, presentes em cada detalhe das ruas, avenidas, pra\u00e7as e parques\u201d, ressaltou o administrador.<\/p>\n\n\n\n<figure class=\"wp-block-image\"><img decoding=\"async\" src=\"http:\/\/www.agenciabrasilia.df.gov.br\/wp-conteudo\/uploads\/2022\/05\/JRO_2173-300x199.jpg\" alt=\"\" class=\"wp-image-401956\"\/><figcaption>Entre as obras realizadas para melhorar a infraestrutura da cidade, est\u00e1 a constru\u00e7\u00e3o de cal\u00e7adas<\/figcaption><\/figure>\n\n\n\n<p>\u00c1guas Claras teve sua constru\u00e7\u00e3o autorizada pela Lei n.\u00ba 385 de 16 de dezembro de 1992, publicada no&nbsp;<em>Di\u00e1rio Oficial do Distrito Federal<\/em>&nbsp;(DODF) em 17\/12\/1992. Sua cria\u00e7\u00e3o se deu pela necessidade de viabilizar o metr\u00f4 como uma proposta racional de ocupa\u00e7\u00e3o do solo e expans\u00e3o ordenada de Bras\u00edlia.<\/p>\n\n\n\n<p>Quando a cidade foi planejada pelo arquiteto e urbanista Paulo Zimbres, buscou-se a mesma qualidade de vida do Plano Piloto, embora em outros moldes urban\u00edsticos. O projeto seguiu os princ\u00edpios arquitet\u00f4nicos contempor\u00e2neos de funcionalidade, conforto e harmonia visual.<\/p>\n\n\n\n<p>Morador de \u00c1guas Claras h\u00e1 13 anos, Cleber&nbsp; Barreto destaca o comprometimento da popula\u00e7\u00e3o com a regi\u00e3o administrativa como sendo o que mais admira na cidade. \u201cDizem que as pessoas em \u00c1guas Claras adoram um \u2018mimimi\u2019, mas eu encaro isso de forma positiva, pois as pessoas se envolvem nas quest\u00f5es da cidade\u201d, contou.<\/p>\n\n\n\n<p>Na opini\u00e3o do morador, a regi\u00e3o administrativa n\u00e3o \u00e9 mais uma cidade dormit\u00f3rio: \u201c\u00c9 um lugar jovem, que possui vida e um com\u00e9rcio muito forte. \u00c1guas Claras tem muito a oferecer a Bras\u00edlia\u201d.<\/p>\n\n\n\n<p>As obras que t\u00eam servido para melhorar a qualidade de vida em \u00c1guas Claras contam tamb\u00e9m com a participa\u00e7\u00e3o do Renova-DF, que esteve na regi\u00e3o no fim de 2021 reformando as pra\u00e7as e equipamentos p\u00fablicos da cidade. Os principais servi\u00e7os foram pinturas e trocas dos alambrados, trabalhos que contemplaram 12 pra\u00e7as.<\/p>\n\n\n\n<p>\u201cEnxergo \u00c1guas Claras com futuro brilhante e promissor. \u00c9 uma cidade que n\u00e3o para e, no auge dos seus 19 anos, tem muitos planos, projetos e sonhos a serem realizados\u201d, afirma o administrador da cidade.<\/p>\n","protected":false},"excerpt":{"rendered":"<p>Em tr\u00eas anos, GDF investe R$ 25,8 milh\u00f5es na regi\u00e3o administrativa Catarina Lima, da Ag\u00eancia Bras\u00edlia I Edi\u00e7\u00e3o: D\u00e9bora Cronemberger \u00c1guas Claras, cidade marcada pelos pr\u00e9dios altos e ruas com nomes de \u00e1rvores e de flores, completa 19 anos nesta sexta-feira (6) e, como todo jovem, est\u00e1 envolvida em muitas novidades. Desde o in\u00edcio da [&hellip;]<\/p>\n","protected":false},"author":1,"featured_media":0,"comment_status":"open","ping_status":"open","sticky":false,"template":"","format":"standard","meta":{"footnotes":""},"categories":[],"tags":[],"class_list":["post-5621","post","type-post","status-publish","format-standard","hentry"],"_links":{"self":[{"href":"https:\/\/aguaslindasnoticias.com.br\/index.php\/wp-json\/wp\/v2\/posts\/5621","targetHints":{"allow":["GET"]}}],"collection":[{"href":"https:\/\/aguaslindasnoticias.com.br\/index.php\/wp-json\/wp\/v2\/posts"}],"about":[{"href":"https:\/\/aguaslindasnoticias.com.br\/index.php\/wp-json\/wp\/v2\/types\/post"}],"author":[{"embeddable":true,"href":"https:\/\/aguaslindasnoticias.com.br\/index.php\/wp-json\/wp\/v2\/users\/1"}],"replies":[{"embeddable":true,"href":"https:\/\/aguaslindasnoticias.com.br\/index.php\/wp-json\/wp\/v2\/comments?post=5621"}],"version-history":[{"count":0,"href":"https:\/\/aguaslindasnoticias.com.br\/index.php\/wp-json\/wp\/v2\/posts\/5621\/revisions"}],"wp:attachment":[{"href":"https:\/\/aguaslindasnoticias.com.br\/index.php\/wp-json\/wp\/v2\/media?parent=5621"}],"wp:term":[{"taxonomy":"category","embeddable":true,"href":"https:\/\/aguaslindasnoticias.com.br\/index.php\/wp-json\/wp\/v2\/categories?post=5621"},{"taxonomy":"post_tag","embeddable":true,"href":"https:\/\/aguaslindasnoticias.com.br\/index.php\/wp-json\/wp\/v2\/tags?post=5621"}],"curies":[{"name":"wp","href":"https:\/\/api.w.org\/{rel}","templated":true}]}}