{"id":5620,"date":"2023-01-04T10:14:17","date_gmt":"2023-01-04T13:14:17","guid":{"rendered":"https:\/\/aguaslindasnoticias.com.br\/index.php\/2023\/01\/04\/unidade-movel-do-na-hora-realiza-mais-de-10-mil-atendimentos\/"},"modified":"2023-01-04T10:14:17","modified_gmt":"2023-01-04T13:14:17","slug":"unidade-movel-do-na-hora-realiza-mais-de-10-mil-atendimentos","status":"publish","type":"post","link":"https:\/\/aguaslindasnoticias.com.br\/index.php\/2023\/01\/04\/unidade-movel-do-na-hora-realiza-mais-de-10-mil-atendimentos\/","title":{"rendered":"Unidade M\u00f3vel do Na Hora realiza mais de 10 mil atendimentos"},"content":{"rendered":"\n<p>Programa foi iniciado h\u00e1 menos de tr\u00eas meses; pr\u00f3xima parada ser\u00e1 em Sobradinho II, neste s\u00e1bado (7), das 9h \u00e0s 15h<\/p>\n\n\n\n<p>Ag\u00eancia Bras\u00edlia* I Edi\u00e7\u00e3o: D\u00e9bora Cronemberger<\/p>\n\n\n\n<p>Em menos de tr\u00eas meses, o programa Na Hora Mais Perto do Cidad\u00e3o chegou \u00e0 marca de 10 mil atendimentos. O n\u00famero foi alcan\u00e7ado nesta quinta-feira (5), durante a edi\u00e7\u00e3o realizada no Guar\u00e1, em a\u00e7\u00e3o que integrou a comemora\u00e7\u00e3o do anivers\u00e1rio da cidade. Desde fevereiro, a unidade m\u00f3vel est\u00e1 percorrendo as cidades do Distrito Federal, e a pr\u00f3xima parada j\u00e1 tem data e local definidos: Sobradinho II, neste s\u00e1bado (7).<\/p>\n\n\n\n<figure class=\"wp-block-image\"><img decoding=\"async\" src=\"http:\/\/www.agenciabrasilia.df.gov.br\/wp-conteudo\/uploads\/2022\/05\/WhatsApp-Image-2022-02-21-at-15.23.41.jpeg\" alt=\"\" class=\"wp-image-402449\"\/><figcaption>Das 9h \u00e0s 15h, neste s\u00e1bado, a carreta do Na Hora oferecer\u00e1 atendimento ao p\u00fablico sobre diversos servi\u00e7os | Foto: Divulga\u00e7\u00e3o\/Secretaria de Justi\u00e7a<\/figcaption><\/figure>\n\n\n\n<p>A carreta estar\u00e1 em frente \u00e0 administra\u00e7\u00e3o regional, com atendimento ao p\u00fablico das 9h \u00e0s 15h. Ser\u00e3o disponibilizados diversos servi\u00e7os, entre eles: Caesb, Neoenergia, Detran, TRE, Procon, BRB Conveni\u00eancia, BRB Mobilidade, Codhab, Minist\u00e9rio do Trabalho e Previd\u00eancia (orienta\u00e7\u00f5es sobre seguro desemprego e CTPS Digital), INSS, Secretaria de Desenvolvimento Social (Sedes), entre outros.<\/p>\n\n\n\n<p>A Pol\u00edcia Civil tamb\u00e9m participar\u00e1 da a\u00e7\u00e3o, fazendo o agendamento da 1\u00aa e 2\u00aa via da carteira de identidade. Al\u00e9m dos servi\u00e7os da carreta, ser\u00e1 oferecido corte de cabelo gratuito para a comunidade durante a a\u00e7\u00e3o itinerante em Sobradinho II.<\/p>\n\n\n\n<p>\u201cO Na Hora conquistou o reconhecimento do cidad\u00e3o como um local em que pode resolver seus problemas. Agora, esse atendimento de qualidade e eficiente est\u00e1 mais perto das pessoas\u201d, afirmou o secret\u00e1rio de Justi\u00e7a e Cidadania, Jaime Santana. \u201c\u00c9 um projeto inovador que contribui para o exerc\u00edcio da cidadania e garantia de direitos da popula\u00e7\u00e3o\u201d, completou.<\/p>\n\n\n\n<p>A aquisi\u00e7\u00e3o da unidade m\u00f3vel foi concretizada no final de 2021 e faz parte de uma s\u00e9rie de a\u00e7\u00f5es do Governo do Distrito Federal (GDF) para modernizar e melhorar a presta\u00e7\u00e3o dos servi\u00e7os do Na Hora. Desde que foi inaugurada, a unidade passou por Samambaia, Ceil\u00e2ndia, Sol Nascente, Recanto das Emas, Itapo\u00e3, S\u00e3o Sebasti\u00e3o, Estrutural, Planaltina, Incra 9, Varj\u00e3o e Guar\u00e1.<\/p>\n\n\n\n<p>Na carreta est\u00e3o dispon\u00edveis 14 pontos de atendimento, um ponto de autoatendimento, porta com elevador de acessibilidade, banheiro e copa para uso dos servidores, uma sala de TI, gerador com autonomia de seis horas, ar-condicionado em toda a unidade, al\u00e9m de mobili\u00e1rios e equipamentos modernos.<\/p>\n\n\n\n<p><strong>Servi\u00e7o<\/strong><\/p>\n\n\n\n<p>Unidade M\u00f3vel do Na Hora<br>Data: s\u00e1bado (7)<br>Hor\u00e1rio: 9h \u00e0s 15h<br>Local: Regi\u00e3o Administrativa de Sobradinho II \u2013 Quadra Ar 13, Conjunto 11, 01 \u2013 em frente \u00e0 Administra\u00e7\u00e3o Regional de Sobradinho II.<\/p>\n\n\n\n<p><em>*Com informa\u00e7\u00f5es da Secretaria de Justi\u00e7a<\/em><\/p>\n","protected":false},"excerpt":{"rendered":"<p>Programa foi iniciado h\u00e1 menos de tr\u00eas meses; pr\u00f3xima parada ser\u00e1 em Sobradinho II, neste s\u00e1bado (7), das 9h \u00e0s 15h Ag\u00eancia Bras\u00edlia* I Edi\u00e7\u00e3o: D\u00e9bora Cronemberger Em menos de tr\u00eas meses, o programa Na Hora Mais Perto do Cidad\u00e3o chegou \u00e0 marca de 10 mil atendimentos. O n\u00famero foi alcan\u00e7ado nesta quinta-feira (5), durante [&hellip;]<\/p>\n","protected":false},"author":1,"featured_media":0,"comment_status":"open","ping_status":"open","sticky":false,"template":"","format":"standard","meta":{"footnotes":""},"categories":[],"tags":[],"class_list":["post-5620","post","type-post","status-publish","format-standard","hentry"],"_links":{"self":[{"href":"https:\/\/aguaslindasnoticias.com.br\/index.php\/wp-json\/wp\/v2\/posts\/5620","targetHints":{"allow":["GET"]}}],"collection":[{"href":"https:\/\/aguaslindasnoticias.com.br\/index.php\/wp-json\/wp\/v2\/posts"}],"about":[{"href":"https:\/\/aguaslindasnoticias.com.br\/index.php\/wp-json\/wp\/v2\/types\/post"}],"author":[{"embeddable":true,"href":"https:\/\/aguaslindasnoticias.com.br\/index.php\/wp-json\/wp\/v2\/users\/1"}],"replies":[{"embeddable":true,"href":"https:\/\/aguaslindasnoticias.com.br\/index.php\/wp-json\/wp\/v2\/comments?post=5620"}],"version-history":[{"count":0,"href":"https:\/\/aguaslindasnoticias.com.br\/index.php\/wp-json\/wp\/v2\/posts\/5620\/revisions"}],"wp:attachment":[{"href":"https:\/\/aguaslindasnoticias.com.br\/index.php\/wp-json\/wp\/v2\/media?parent=5620"}],"wp:term":[{"taxonomy":"category","embeddable":true,"href":"https:\/\/aguaslindasnoticias.com.br\/index.php\/wp-json\/wp\/v2\/categories?post=5620"},{"taxonomy":"post_tag","embeddable":true,"href":"https:\/\/aguaslindasnoticias.com.br\/index.php\/wp-json\/wp\/v2\/tags?post=5620"}],"curies":[{"name":"wp","href":"https:\/\/api.w.org\/{rel}","templated":true}]}}