{"id":5619,"date":"2023-01-04T10:14:17","date_gmt":"2023-01-04T13:14:17","guid":{"rendered":"https:\/\/aguaslindasnoticias.com.br\/index.php\/2023\/01\/04\/feira-no-parque-da-cidade-tem-edicao-dedicada-as-maes\/"},"modified":"2023-01-04T10:14:17","modified_gmt":"2023-01-04T13:14:17","slug":"feira-no-parque-da-cidade-tem-edicao-dedicada-as-maes","status":"publish","type":"post","link":"https:\/\/aguaslindasnoticias.com.br\/index.php\/2023\/01\/04\/feira-no-parque-da-cidade-tem-edicao-dedicada-as-maes\/","title":{"rendered":"Feira no Parque da Cidade tem edi\u00e7\u00e3o dedicada \u00e0s m\u00e3es"},"content":{"rendered":"\n<p>Visitantes poder\u00e3o comprar presentes exclusivos, como flores, plantas ornamentais e artesanato, produzidos pela agricultura familiar do DF<\/p>\n\n\n\n<p>Ag\u00eancia Bras\u00edlia* | Edi\u00e7\u00e3o: Rosualdo Rodrigues<\/p>\n\n\n\n<p>Flores, plantas, artesanatos e diversos outros itens ser\u00e3o oferecidos na Feira Rural no Parque, que ocorre neste domingo (8), em edi\u00e7\u00e3o especial, com produtos voltados para o Dia das M\u00e3es. Al\u00e9m de poder comprar um presente artesanal, feito com muito carinho, o visitante vai ter contato direto com quem produziu e estar\u00e1 contribuindo com a agricultura do Distrito Federal. A feira ser\u00e1 realizada no Estacionamento 10 do Parque da Cidade, entre 9h e 14h.<\/p>\n\n\n\n<figure class=\"wp-block-image\"><img decoding=\"async\" src=\"http:\/\/agenciabrasilia.df.gov.br\/wp-conteudo\/uploads\/2022\/05\/Foto-Divulgacao-Emater-DF-1.jpg\" alt=\"\" class=\"wp-image-402188\"\/><figcaption>Na feira, o p\u00fablico poder\u00e1 comprar presentes artesanais e ter contato direto com quem os produziu | Foto: Divulga\u00e7\u00e3o\/Emater-DF<\/figcaption><\/figure>\n\n\n\n<p>Alimentos como geleias, caf\u00e9 artesanal, cogumelos, p\u00e3es, pimentas, condimentos, biscoitos, frutas e verduras tamb\u00e9m ser\u00e3o comercializados no espa\u00e7o. A Feira Rural no Parque \u00e9 realizada a cada 15 dias e vem atraindo cada vez mais a participa\u00e7\u00e3o de produtores e dos frequentadores do parque, que v\u00e3o ao local em busca de esporte e lazer.<\/p>\n\n\n\n<p>Para a presidente da Emater-DF, Denise Fonseca, espa\u00e7os de comercializa\u00e7\u00e3o como esse do Parque da Cidade contribuem para o desenvolvimento da agricultura local e geram emprego e renda para o campo. \u201cAl\u00e9m de comprar um produto de qualidade a pre\u00e7o justo para quem compra e para quem produz, o consumidor ainda ajuda no fortalecimento da agricultura do Distrito Federal\u201d, destaca.<\/p>\n\n\n\n<p>A realiza\u00e7\u00e3o da feira \u00e9 resultado de parceria entre a Emater-DF e o Parque da Cidade, por meio da Secretaria de Esporte e Lazer.<\/p>\n\n\n\n<p><strong>Servi\u00e7o:<\/strong><\/p>\n\n\n\n<p>Feira Rural no Parque<br>Data: 8\/5 (domingo)<br>Hor\u00e1rio: das 9h \u00e0s 14h<br>Local: Estacionamento 10 do Parque da Cidade<\/p>\n\n\n\n<p><em>*Com informa\u00e7\u00f5es da Emater-DF<\/em><\/p>\n","protected":false},"excerpt":{"rendered":"<p>Visitantes poder\u00e3o comprar presentes exclusivos, como flores, plantas ornamentais e artesanato, produzidos pela agricultura familiar do DF Ag\u00eancia Bras\u00edlia* | Edi\u00e7\u00e3o: Rosualdo Rodrigues Flores, plantas, artesanatos e diversos outros itens ser\u00e3o oferecidos na Feira Rural no Parque, que ocorre neste domingo (8), em edi\u00e7\u00e3o especial, com produtos voltados para o Dia das M\u00e3es. Al\u00e9m de [&hellip;]<\/p>\n","protected":false},"author":1,"featured_media":0,"comment_status":"open","ping_status":"open","sticky":false,"template":"","format":"standard","meta":{"footnotes":""},"categories":[],"tags":[],"class_list":["post-5619","post","type-post","status-publish","format-standard","hentry"],"_links":{"self":[{"href":"https:\/\/aguaslindasnoticias.com.br\/index.php\/wp-json\/wp\/v2\/posts\/5619","targetHints":{"allow":["GET"]}}],"collection":[{"href":"https:\/\/aguaslindasnoticias.com.br\/index.php\/wp-json\/wp\/v2\/posts"}],"about":[{"href":"https:\/\/aguaslindasnoticias.com.br\/index.php\/wp-json\/wp\/v2\/types\/post"}],"author":[{"embeddable":true,"href":"https:\/\/aguaslindasnoticias.com.br\/index.php\/wp-json\/wp\/v2\/users\/1"}],"replies":[{"embeddable":true,"href":"https:\/\/aguaslindasnoticias.com.br\/index.php\/wp-json\/wp\/v2\/comments?post=5619"}],"version-history":[{"count":0,"href":"https:\/\/aguaslindasnoticias.com.br\/index.php\/wp-json\/wp\/v2\/posts\/5619\/revisions"}],"wp:attachment":[{"href":"https:\/\/aguaslindasnoticias.com.br\/index.php\/wp-json\/wp\/v2\/media?parent=5619"}],"wp:term":[{"taxonomy":"category","embeddable":true,"href":"https:\/\/aguaslindasnoticias.com.br\/index.php\/wp-json\/wp\/v2\/categories?post=5619"},{"taxonomy":"post_tag","embeddable":true,"href":"https:\/\/aguaslindasnoticias.com.br\/index.php\/wp-json\/wp\/v2\/tags?post=5619"}],"curies":[{"name":"wp","href":"https:\/\/api.w.org\/{rel}","templated":true}]}}