{"id":5617,"date":"2023-01-04T10:14:10","date_gmt":"2023-01-04T13:14:10","guid":{"rendered":"https:\/\/aguaslindasnoticias.com.br\/index.php\/2023\/01\/04\/jaqueline-silva-homenageia-lideres-comunitarios-do-df\/"},"modified":"2023-01-04T10:14:10","modified_gmt":"2023-01-04T13:14:10","slug":"jaqueline-silva-homenageia-lideres-comunitarios-do-df","status":"publish","type":"post","link":"https:\/\/aguaslindasnoticias.com.br\/index.php\/2023\/01\/04\/jaqueline-silva-homenageia-lideres-comunitarios-do-df\/","title":{"rendered":"Jaqueline Silva homenageia l\u00edderes comunit\u00e1rios do DF"},"content":{"rendered":"\n<p>Mais de 100 l\u00edderes do Distrito Federal participaram da sess\u00e3o solene em comemora\u00e7\u00e3o ao Dia do L\u00edder Comunit\u00e1rio, uma iniciativa da deputada distrital Jaqueline Silva, realizada na noite dessa quarta-feira (04\/05), no plen\u00e1rio da C\u00e2mara Legislativa.<\/p>\n\n\n\n<p>A solenidade tamb\u00e9m reuniu autoridades representantes do governo e da seguran\u00e7a p\u00fablica e familiares dos homenageados. Il\u00e7o Firmino, presidente da Associa\u00e7\u00e3o Nacional dos L\u00edderes Comunit\u00e1rios (ANALC), agradeceu \u00e0 deputada Jaqueline Silva pela a\u00e7\u00e3o de valoriza\u00e7\u00e3o e afirmou a import\u00e2ncia do lider, ressaltando que \u201catravessam fronteiras combatendo a corrup\u00e7\u00e3o, alcan\u00e7ando conquistas para a comunidade\u201d.<\/p>\n\n\n\n<p>Nathan Rodrigues, l\u00edder jovem da cidade de Santa Maria, tamb\u00e9m agradeceu \u00e0 distrital pelo ato de reconhecimento. Jaqueline Silva, proponente da sess\u00e3o, declarou em seu discurso estar emocionada e grata pela realiza\u00e7\u00e3o da noite homenagens e destacou a import\u00e2ncia dos l\u00edderes comunit\u00e1rios: \u201cVoc\u00eas chegam aonde o Estado n\u00e3o consegue chegar. Voc\u00eas fiscalizam, reivindicam, trazem para os deputados, senadores, governadores\u2026 as dores que todas as pessoas vivem no seu dia a dia\u201d.<\/p>\n","protected":false},"excerpt":{"rendered":"<p>Mais de 100 l\u00edderes do Distrito Federal participaram da sess\u00e3o solene em comemora\u00e7\u00e3o ao Dia do L\u00edder Comunit\u00e1rio, uma iniciativa da deputada distrital Jaqueline Silva, realizada na noite dessa quarta-feira (04\/05), no plen\u00e1rio da C\u00e2mara Legislativa. A solenidade tamb\u00e9m reuniu autoridades representantes do governo e da seguran\u00e7a p\u00fablica e familiares dos homenageados. Il\u00e7o Firmino, presidente [&hellip;]<\/p>\n","protected":false},"author":1,"featured_media":0,"comment_status":"open","ping_status":"open","sticky":false,"template":"","format":"standard","meta":{"footnotes":""},"categories":[],"tags":[],"class_list":["post-5617","post","type-post","status-publish","format-standard","hentry"],"_links":{"self":[{"href":"https:\/\/aguaslindasnoticias.com.br\/index.php\/wp-json\/wp\/v2\/posts\/5617","targetHints":{"allow":["GET"]}}],"collection":[{"href":"https:\/\/aguaslindasnoticias.com.br\/index.php\/wp-json\/wp\/v2\/posts"}],"about":[{"href":"https:\/\/aguaslindasnoticias.com.br\/index.php\/wp-json\/wp\/v2\/types\/post"}],"author":[{"embeddable":true,"href":"https:\/\/aguaslindasnoticias.com.br\/index.php\/wp-json\/wp\/v2\/users\/1"}],"replies":[{"embeddable":true,"href":"https:\/\/aguaslindasnoticias.com.br\/index.php\/wp-json\/wp\/v2\/comments?post=5617"}],"version-history":[{"count":0,"href":"https:\/\/aguaslindasnoticias.com.br\/index.php\/wp-json\/wp\/v2\/posts\/5617\/revisions"}],"wp:attachment":[{"href":"https:\/\/aguaslindasnoticias.com.br\/index.php\/wp-json\/wp\/v2\/media?parent=5617"}],"wp:term":[{"taxonomy":"category","embeddable":true,"href":"https:\/\/aguaslindasnoticias.com.br\/index.php\/wp-json\/wp\/v2\/categories?post=5617"},{"taxonomy":"post_tag","embeddable":true,"href":"https:\/\/aguaslindasnoticias.com.br\/index.php\/wp-json\/wp\/v2\/tags?post=5617"}],"curies":[{"name":"wp","href":"https:\/\/api.w.org\/{rel}","templated":true}]}}