{"id":5615,"date":"2023-01-04T10:14:10","date_gmt":"2023-01-04T13:14:10","guid":{"rendered":"https:\/\/aguaslindasnoticias.com.br\/index.php\/2023\/01\/04\/deputados-pedem-solucao-para-servidores-da-ceb\/"},"modified":"2023-01-04T10:14:10","modified_gmt":"2023-01-04T13:14:10","slug":"deputados-pedem-solucao-para-servidores-da-ceb","status":"publish","type":"post","link":"https:\/\/aguaslindasnoticias.com.br\/index.php\/2023\/01\/04\/deputados-pedem-solucao-para-servidores-da-ceb\/","title":{"rendered":"Deputados pedem solu\u00e7\u00e3o para servidores da CEB"},"content":{"rendered":"\n<p>Foto: Carlos Gandra\/CLDF<\/p>\n\n\n\n<figure class=\"wp-block-image\"><img decoding=\"async\" src=\"https:\/\/www.cl.df.gov.br\/documents\/10162\/25776503\/2211269CG+%2813%29.jpg\/b9aa0c94-1057-dc7b-03e6-83020c0f2310?t=1651609375882\" alt=\"#\"\/><\/figure>\n\n\n\n<p>A situa\u00e7\u00e3o dos cerca de 570 trabalhadores da Neoenergia Bras\u00edlia, antiga CEB Distribui\u00e7\u00e3o, cujos empregos est\u00e3o amea\u00e7ados, voltou a ser discutida hoje (03) no plen\u00e1rio da C\u00e2mara Legislativa. V\u00e1rios deputados foram \u00e0 tribuna para cobrar do Governo do Distrito Federal o envio de um projeto de lei que autorize o aproveitamento dos servidores p\u00fablicos da CEB em outros \u00f3rg\u00e3os do GDF, uma forma de garantir o emprego dos trabalhadores que ingressaram naquela empresa por concurso p\u00fablico.<\/p>\n\n\n\n<p><img decoding=\"async\" width=\"287\" src=\"https:\/\/www.cl.df.gov.br\/documents\/10162\/25776503\/2211269CG+%2855%29.jpg\/61b93bc0-008e-ab3c-dadc-8f9b45534613?t=1651609373772\">A deputada Arlete Sampaio (PT) lembrou que esse tipo de aproveitamento j\u00e1 foi feito antes. \u201cH\u00e1 v\u00e1rios casos precedentes de aproveitamento de servidores de \u00f3rg\u00e3os que foram extintos. N\u00e3o h\u00e1 nenhum motivo para o governador n\u00e3o enviar o projeto para esta Casa, a n\u00e3o ser a sua falta de interesse\u201d, cobrou. O deputado Leandro Grass (PV) observou que \u201co governador mentiu desde o in\u00edcio, dizendo que n\u00e3o iria privatizar a CEB\u201d e exigiu o envio imediato do projeto para vota\u00e7\u00e3o na C\u00e2mara Legislativa.<\/p>\n\n\n\n<p>F\u00e1bio F\u00e9lix (PSOL) ressaltou que \u201co governador precisa assumir a sua responsabilidade\u201d. O parlamentar chegou a sugerir que a Casa paralise as vota\u00e7\u00f5es at\u00e9 o envio do projeto. \u201cA gente poderia parar e n\u00e3o votar mais nada at\u00e9 que esse PL seja enviado. Estamos falando de vidas, n\u00e3o d\u00e1 para banalizar a dignidade das pessoas no meio dessa crise que estamos vivendo\u201d, criticou.&nbsp;<\/p>\n\n\n\n<p>O deputado Hermeto (MDB), l\u00edder do governo na Casa, disse que o governo est\u00e1 buscando uma sa\u00edda para a situa\u00e7\u00e3o dos trabalhadores. \u201cVamos ver o que pode ser feito. Vou conversar com o governador sobre o projeto de lei\u201d, afirmou.&nbsp;J\u00e1 o deputado Rob\u00e9rio Negreiros (PSD), vice-l\u00edder do governo, se comprometeu a levar uma comiss\u00e3o de trabalhadores para uma reuni\u00e3o com a Secretaria de Economia. \u201cVou buscar o di\u00e1logo com o governador para resolver o problema dos trabalhadores\u201d, garantiu Negreiros.<\/p>\n\n\n\n<p><strong>Eder Wen &#8211; Ag\u00eancia CLDF<\/strong><\/p>\n","protected":false},"excerpt":{"rendered":"<p>Foto: Carlos Gandra\/CLDF A situa\u00e7\u00e3o dos cerca de 570 trabalhadores da Neoenergia Bras\u00edlia, antiga CEB Distribui\u00e7\u00e3o, cujos empregos est\u00e3o amea\u00e7ados, voltou a ser discutida hoje (03) no plen\u00e1rio da C\u00e2mara Legislativa. V\u00e1rios deputados foram \u00e0 tribuna para cobrar do Governo do Distrito Federal o envio de um projeto de lei que autorize o aproveitamento dos [&hellip;]<\/p>\n","protected":false},"author":1,"featured_media":0,"comment_status":"open","ping_status":"open","sticky":false,"template":"","format":"standard","meta":{"footnotes":""},"categories":[],"tags":[],"class_list":["post-5615","post","type-post","status-publish","format-standard","hentry"],"_links":{"self":[{"href":"https:\/\/aguaslindasnoticias.com.br\/index.php\/wp-json\/wp\/v2\/posts\/5615","targetHints":{"allow":["GET"]}}],"collection":[{"href":"https:\/\/aguaslindasnoticias.com.br\/index.php\/wp-json\/wp\/v2\/posts"}],"about":[{"href":"https:\/\/aguaslindasnoticias.com.br\/index.php\/wp-json\/wp\/v2\/types\/post"}],"author":[{"embeddable":true,"href":"https:\/\/aguaslindasnoticias.com.br\/index.php\/wp-json\/wp\/v2\/users\/1"}],"replies":[{"embeddable":true,"href":"https:\/\/aguaslindasnoticias.com.br\/index.php\/wp-json\/wp\/v2\/comments?post=5615"}],"version-history":[{"count":0,"href":"https:\/\/aguaslindasnoticias.com.br\/index.php\/wp-json\/wp\/v2\/posts\/5615\/revisions"}],"wp:attachment":[{"href":"https:\/\/aguaslindasnoticias.com.br\/index.php\/wp-json\/wp\/v2\/media?parent=5615"}],"wp:term":[{"taxonomy":"category","embeddable":true,"href":"https:\/\/aguaslindasnoticias.com.br\/index.php\/wp-json\/wp\/v2\/categories?post=5615"},{"taxonomy":"post_tag","embeddable":true,"href":"https:\/\/aguaslindasnoticias.com.br\/index.php\/wp-json\/wp\/v2\/tags?post=5615"}],"curies":[{"name":"wp","href":"https:\/\/api.w.org\/{rel}","templated":true}]}}