{"id":5614,"date":"2023-01-04T10:14:10","date_gmt":"2023-01-04T13:14:10","guid":{"rendered":"https:\/\/aguaslindasnoticias.com.br\/index.php\/2023\/01\/04\/gdf-pode-deixar-de-acionar-justica-para-cobrar-dividas-de-ate-r-304-mil\/"},"modified":"2023-01-04T10:14:10","modified_gmt":"2023-01-04T13:14:10","slug":"gdf-pode-deixar-de-acionar-justica-para-cobrar-dividas-de-ate-r-304-mil","status":"publish","type":"post","link":"https:\/\/aguaslindasnoticias.com.br\/index.php\/2023\/01\/04\/gdf-pode-deixar-de-acionar-justica-para-cobrar-dividas-de-ate-r-304-mil\/","title":{"rendered":"GDF pode deixar de acionar Justi\u00e7a para cobrar d\u00edvidas de at\u00e9 R$ 30,4 mil"},"content":{"rendered":"\n<p>Foto: Carlos Gandra\/CLDF<\/p>\n\n\n\n<figure class=\"wp-block-image\"><img decoding=\"async\" src=\"https:\/\/www.cl.df.gov.br\/documents\/10162\/25776503\/2211269CG+%2822%29.jpg\/96aef1e3-c85d-a1f8-41bc-e11a1847d74b?t=1651609376210\" alt=\"A proposta recebeu o voto favor\u00e1vel de todos os 14 deputados presentes no plen\u00e1rio\"\/><\/figure>\n\n\n\n<p>A proposta recebeu o voto favor\u00e1vel de todos os 14 deputados presentes no plen\u00e1rio<\/p>\n\n\n\n<p>O Governo do Distrito Federal pode deixar de processar judicialmente os devedores que tenham d\u00e9bitos \u2013 tribut\u00e1rios ou n\u00e3o \u2013 de at\u00e9 R$ 30.469,52. \u00c9 o que prev\u00ea o projeto de lei complementar n\u00ba 101\/22, aprovado em primeiro turno pela C\u00e2mara Legislativa nesta ter\u00e7a-feira (3). A proposta, de autoria do Executivo, recebeu o voto favor\u00e1vel de todos os 14 deputados presentes no plen\u00e1rio e ainda precisa passar por uma segunda vota\u00e7\u00e3o antes de voltar ao governador Ibaneis Rocha.<\/p>\n\n\n\n<p>O texto altera a Lei Complementar n\u00ba 904\/15, que trata da racionaliza\u00e7\u00e3o no ajuizamento de execu\u00e7\u00f5es fiscais. Atualmente, o GDF aciona a Justi\u00e7a para cobrar cr\u00e9ditos tribut\u00e1rios ou n\u00e3o cujos valores consolidados sejam superiores a R$ 5 mil. Se a d\u00edvida for de ICMS, o limite \u00e9 de R$ 15 mil.<\/p>\n\n\n\n<p>A procuradora-geral do DF, Ludmila Galv\u00e3o, argumenta que o custo de um processo na Justi\u00e7a, muitas vezes, supera o valor da d\u00edvida cobrada. \u201cNa pr\u00e1tica, verifica-se que as execu\u00e7\u00f5es fiscais representam parcela numerosa do acervo de processos da Justi\u00e7a e exigem um alto investimento de recursos p\u00fablicos, humanos e materiais, sendo, no entanto, baixo o retorno ao fisco\u201d, justifica.<\/p>\n\n\n\n<p>Galv\u00e3o, ao solicitar a mudan\u00e7a na legisla\u00e7\u00e3o atual, defende priorizar a cobran\u00e7a administrativa \u201cnos casos em que os custos envolvidos no ajuizamento de execu\u00e7\u00f5es fiscais superarem os poss\u00edveis retornos financeiros da a\u00e7\u00e3o; ou seja, quando o disp\u00eandio da m\u00e1quina p\u00fablica n\u00e3o compensar o cr\u00e9dito a ser recuperado na via judicial\u201d. Segundo ela, esse modelo de cobran\u00e7a foi adotado com sucesso pela Procuradoria-Geral da Fazenda Nacional e por outros estados, como Minas Gerais e Paran\u00e1.<\/p>\n\n\n\n<p><strong>Denise Caputo &#8211; Ag\u00eancia CLDF<\/strong><\/p>\n","protected":false},"excerpt":{"rendered":"<p>Foto: Carlos Gandra\/CLDF A proposta recebeu o voto favor\u00e1vel de todos os 14 deputados presentes no plen\u00e1rio O Governo do Distrito Federal pode deixar de processar judicialmente os devedores que tenham d\u00e9bitos \u2013 tribut\u00e1rios ou n\u00e3o \u2013 de at\u00e9 R$ 30.469,52. \u00c9 o que prev\u00ea o projeto de lei complementar n\u00ba 101\/22, aprovado em primeiro [&hellip;]<\/p>\n","protected":false},"author":1,"featured_media":0,"comment_status":"open","ping_status":"open","sticky":false,"template":"","format":"standard","meta":{"footnotes":""},"categories":[],"tags":[],"class_list":["post-5614","post","type-post","status-publish","format-standard","hentry"],"_links":{"self":[{"href":"https:\/\/aguaslindasnoticias.com.br\/index.php\/wp-json\/wp\/v2\/posts\/5614","targetHints":{"allow":["GET"]}}],"collection":[{"href":"https:\/\/aguaslindasnoticias.com.br\/index.php\/wp-json\/wp\/v2\/posts"}],"about":[{"href":"https:\/\/aguaslindasnoticias.com.br\/index.php\/wp-json\/wp\/v2\/types\/post"}],"author":[{"embeddable":true,"href":"https:\/\/aguaslindasnoticias.com.br\/index.php\/wp-json\/wp\/v2\/users\/1"}],"replies":[{"embeddable":true,"href":"https:\/\/aguaslindasnoticias.com.br\/index.php\/wp-json\/wp\/v2\/comments?post=5614"}],"version-history":[{"count":0,"href":"https:\/\/aguaslindasnoticias.com.br\/index.php\/wp-json\/wp\/v2\/posts\/5614\/revisions"}],"wp:attachment":[{"href":"https:\/\/aguaslindasnoticias.com.br\/index.php\/wp-json\/wp\/v2\/media?parent=5614"}],"wp:term":[{"taxonomy":"category","embeddable":true,"href":"https:\/\/aguaslindasnoticias.com.br\/index.php\/wp-json\/wp\/v2\/categories?post=5614"},{"taxonomy":"post_tag","embeddable":true,"href":"https:\/\/aguaslindasnoticias.com.br\/index.php\/wp-json\/wp\/v2\/tags?post=5614"}],"curies":[{"name":"wp","href":"https:\/\/api.w.org\/{rel}","templated":true}]}}