{"id":5612,"date":"2023-01-04T10:14:10","date_gmt":"2023-01-04T13:14:10","guid":{"rendered":"https:\/\/aguaslindasnoticias.com.br\/index.php\/2023\/01\/04\/geraldo-azevedo-e-uma-das-atracoes-da-2a-feira-nacional-do-artesanato-e-das-flores\/"},"modified":"2023-01-04T10:14:10","modified_gmt":"2023-01-04T13:14:10","slug":"geraldo-azevedo-e-uma-das-atracoes-da-2a-feira-nacional-do-artesanato-e-das-flores","status":"publish","type":"post","link":"https:\/\/aguaslindasnoticias.com.br\/index.php\/2023\/01\/04\/geraldo-azevedo-e-uma-das-atracoes-da-2a-feira-nacional-do-artesanato-e-das-flores\/","title":{"rendered":"Geraldo Azevedo \u00e9 uma das atra\u00e7\u00f5es da 2\u00aa Feira Nacional do Artesanato e das Flores"},"content":{"rendered":"\n<figure class=\"wp-block-image size-large\"><img decoding=\"async\" src=\"http:\/\/claricegulyas.com.br\/wp-content\/uploads\/2022\/05\/Feira-de-Artesanato-1-edicao-divulga\u00e7\u00e3o-3-683x1024.jpeg\" alt=\"\" class=\"wp-image-10123\"\/><\/figure>\n\n\n\n<p><em>Evento come\u00e7a no dia 11 de maio, com entrada gratuita<\/em><\/p>\n\n\n\n<p>A <strong>2\u00aa Feira Nacional do Artesanato e das Flores<\/strong> vai ser realizada entre os dias 11 ao 15 de maio, no Complexo Cultural Funarte. Artistas nacionais de peso, como Geraldo Azevedo, Sandra de S\u00e1 e Jorge Vercillo est\u00e3o confirmados. A classifica\u00e7\u00e3o \u00e9 livre, com entrada gratuita.<\/p>\n\n\n\n<p>No evento, o p\u00fablico poder\u00e1 conferir mais de 200 estandes e adquirir plantas e flores diretamente do produtor, al\u00e9m de conferir espa\u00e7os de artesanato e participar de palestras sobre gastronomia.<\/p>\n\n\n\n<p>A 2\u00aa Feira Nacional do Artesanato e das Flores \u00e9 realizada pela Associa\u00e7\u00e3o Artise de Arte, Cultura e Acessibilidade, e conta com o apoio da Secretaria de Turismo do DF e Emater DF.<\/p>\n\n\n\n<p><strong>Programa\u00e7\u00e3o completa:<\/strong><\/p>\n\n\n\n<p>QUARTA, 11\/05: das 18hs \u00e0 0h<br>Mauricio Meireles (stand up comedy)<\/p>\n\n\n\n<p>QUINTA, 12\/05: das 10h \u00e0 0h<br>Os Melhores do Mundo: Pe\u00e7a Misticismo (humor)<\/p>\n\n\n\n<p>SEXTA, 13\/05: das 10h \u00e0 0h<br>Sandra de S\u00e1 (MPB, Samba rock)<\/p>\n\n\n\n<p>S\u00c1BADO, 14\/05: das 10h \u00e0 0h<br>Dani Machado (MPB)<br>Jorge Vercillo (MPB, Pop Rock)<\/p>\n\n\n\n<p>DOMINGO, 15\/05: das 10h \u00e0 0h<br>Makena (sertanejo)<br>Geraldo Azevedo (Frevo, Forr\u00f3)<\/p>\n\n\n\n<p><strong>Servi\u00e7o:<\/strong><br><strong>2\u00aa FEIRA NACIONAL DO ARTESANATO E DAS FLORES DE BRAS\u00cdLIA<\/strong><br>Data: 11 a 15 de maio de 2022<br>Quarta (11\/05), das 18h \u00e0 0h;<br>Demais dias: das 10h \u00e0s 0h<br>Local: Complexo Cultural Funarte (ao lado da Torre de TV)<br>Entrada: gratuita<br>Informa\u00e7\u00f5es: (61) 98424-5837 (whatsapp)<br>Instagram: @feiradeartesanatoefloresbsb<\/p>\n","protected":false},"excerpt":{"rendered":"<p>Evento come\u00e7a no dia 11 de maio, com entrada gratuita A 2\u00aa Feira Nacional do Artesanato e das Flores vai ser realizada entre os dias 11 ao 15 de maio, no Complexo Cultural Funarte. Artistas nacionais de peso, como Geraldo Azevedo, Sandra de S\u00e1 e Jorge Vercillo est\u00e3o confirmados. A classifica\u00e7\u00e3o \u00e9 livre, com entrada [&hellip;]<\/p>\n","protected":false},"author":1,"featured_media":0,"comment_status":"open","ping_status":"open","sticky":false,"template":"","format":"standard","meta":{"footnotes":""},"categories":[],"tags":[],"class_list":["post-5612","post","type-post","status-publish","format-standard","hentry"],"_links":{"self":[{"href":"https:\/\/aguaslindasnoticias.com.br\/index.php\/wp-json\/wp\/v2\/posts\/5612","targetHints":{"allow":["GET"]}}],"collection":[{"href":"https:\/\/aguaslindasnoticias.com.br\/index.php\/wp-json\/wp\/v2\/posts"}],"about":[{"href":"https:\/\/aguaslindasnoticias.com.br\/index.php\/wp-json\/wp\/v2\/types\/post"}],"author":[{"embeddable":true,"href":"https:\/\/aguaslindasnoticias.com.br\/index.php\/wp-json\/wp\/v2\/users\/1"}],"replies":[{"embeddable":true,"href":"https:\/\/aguaslindasnoticias.com.br\/index.php\/wp-json\/wp\/v2\/comments?post=5612"}],"version-history":[{"count":0,"href":"https:\/\/aguaslindasnoticias.com.br\/index.php\/wp-json\/wp\/v2\/posts\/5612\/revisions"}],"wp:attachment":[{"href":"https:\/\/aguaslindasnoticias.com.br\/index.php\/wp-json\/wp\/v2\/media?parent=5612"}],"wp:term":[{"taxonomy":"category","embeddable":true,"href":"https:\/\/aguaslindasnoticias.com.br\/index.php\/wp-json\/wp\/v2\/categories?post=5612"},{"taxonomy":"post_tag","embeddable":true,"href":"https:\/\/aguaslindasnoticias.com.br\/index.php\/wp-json\/wp\/v2\/tags?post=5612"}],"curies":[{"name":"wp","href":"https:\/\/api.w.org\/{rel}","templated":true}]}}