{"id":5609,"date":"2023-01-04T10:14:10","date_gmt":"2023-01-04T13:14:10","guid":{"rendered":"https:\/\/aguaslindasnoticias.com.br\/index.php\/2023\/01\/04\/pecas-raras-contam-a-historia-do-corpo-de-bombeiros-do-df\/"},"modified":"2023-01-04T10:14:10","modified_gmt":"2023-01-04T13:14:10","slug":"pecas-raras-contam-a-historia-do-corpo-de-bombeiros-do-df","status":"publish","type":"post","link":"https:\/\/aguaslindasnoticias.com.br\/index.php\/2023\/01\/04\/pecas-raras-contam-a-historia-do-corpo-de-bombeiros-do-df\/","title":{"rendered":"Pe\u00e7as raras contam a hist\u00f3ria do Corpo de Bombeiros do DF"},"content":{"rendered":"\n<p>Funcionando desde 2018, Museu Hist\u00f3rico do CBMDF guarda mais de 8 mil itens que comp\u00f5em a mem\u00f3ria de uma das institui\u00e7\u00f5es militares mais antigas do Distrito Federal<\/p>\n\n\n\n<p>L\u00facio Fl\u00e1vio, da Ag\u00eancia Bras\u00edlia | Edi\u00e7\u00e3o: Rosualdo Rodrigues&nbsp;Cen\u00e1rio de destrui\u00e7\u00e3o e p\u00e2nico. A cena dram\u00e1tica ganhou repercuss\u00e3o nacional e internacional. Naquela tarde de 29 de janeiro de 1969, labaredas de fogo tomaram conta de todo o quarto andar do Minist\u00e9rio da Fazenda, colocando em risco n\u00e3o apenas funcion\u00e1rios do \u00f3rg\u00e3o, mas tamb\u00e9m 40 crian\u00e7as de uma creche mantida no local com filhos dos servidores. Gra\u00e7as \u00e0 atua\u00e7\u00e3o en\u00e9rgica e r\u00e1pida dos bombeiros, que chegaram ao local em 18 viaturas, todos foram resgatados com sucesso.<\/p>\n\n\n\n<figure class=\"wp-block-image\"><img decoding=\"async\" src=\"http:\/\/agenciabrasilia.df.gov.br\/wp-conteudo\/uploads\/2022\/04\/Dentro-1-23.jpg\" alt=\"\" class=\"wp-image-399969\"\/><figcaption>Funcionando ainda provisoriamente em espa\u00e7o da academia do CBMDF, o museu recebe uma m\u00e9dia de 200 visitantes mensais | Foto L\u00facio Bernardo Jr.\/Ag\u00eancia Bras\u00edlia<\/figcaption><\/figure>\n\n\n\n<p>Essas e outras a\u00e7\u00f5es de uma das mais antigas corpora\u00e7\u00f5es militares do Distrito Federal podem ser conferidas no Museu Hist\u00f3rico do Corpo de Bombeiros Militar do DF, montado desde 2018 no hall do Audit\u00f3rio Jos\u00e9 Nilton Matos. O espa\u00e7o, provis\u00f3rio, fica localizado na academia da institui\u00e7\u00e3o, no Setor Policial Sul. A ideia \u00e9 dar visibilidade a mais de 8 mil itens armazenados na reserva t\u00e9cnica do espa\u00e7o.<\/p>\n\n\n\n<blockquote class=\"wp-block-quote is-layout-flow wp-block-quote-is-layout-flow\"><p>\u201cO museu atua em v\u00e1rias vertentes. Uma delas \u00e9 o resgate da nossa hist\u00f3ria, nossos valores e miss\u00f5es. A outra, a valoriza\u00e7\u00e3o pessoal e do marketing da institui\u00e7\u00e3o, usando o espa\u00e7o para mostrar \u00e0 sociedade como a gente trabalha e atua\u201dprimeiro-tenente Phrancis Arlley Lopes, chefe do Museu Hist\u00f3rico do CBMDF<\/p><\/blockquote>\n\n\n\n<p>\u201cH\u00e1 inten\u00e7\u00e3o de conseguir um local definitivo, existe um pr\u00e9-projeto, mas nada definido ainda\u201d, adianta o chefe do museu, o primeiro-tenente Phrancis Arlley Gomes Sales. \u201c\u00c9 um assunto a ser estudado; estamos tentando caminhar at\u00e9 a maturidade do projeto para que ele esteja pronto para captar recursos via leis de incentivo \u00e0 cultura\u201d, explica o militar, formado em museologia pela Universidade Federal de Pernambuco (UFPE).<\/p>\n\n\n\n<p>At\u00e9 l\u00e1, na atual instala\u00e7\u00e3o, o visitante pode encontrar n\u00e3o apenas fotos, documentos e recortes de jornais plotados em pain\u00e9is que contam a hist\u00f3ria e a atua\u00e7\u00e3o do CBMDF, mas tamb\u00e9m objetos antigos importantes na atua\u00e7\u00e3o dos soldados no dia a dia, como capacetes, fardas e cintos gin\u00e1sticos, al\u00e9m de pe\u00e7as como sirenes, machadinhas, lanternas, r\u00e1dios e v\u00e1rios formatos de esguicho usados de 1964 para c\u00e1.<\/p>\n\n\n\n<figure class=\"wp-block-image\"><img decoding=\"async\" src=\"http:\/\/agenciabrasilia.df.gov.br\/wp-conteudo\/uploads\/2022\/04\/Credito-acervo-do-Museu-do-CBMDF-3.jpeg\" alt=\"\" class=\"wp-image-399975\"\/><figcaption>Inc\u00eandio no Minist\u00e9rio da Fazenda, em 1969: cenas dram\u00e1ticas | Foto: Acervo do Museu do CBMDF<\/figcaption><\/figure>\n\n\n\n<p>Comp\u00f5em ainda o acervo viaturas, como dois jipes e seis caminh\u00f5es. A reprodu\u00e7\u00e3o de uma tela do s\u00e9culo 18, do artista Jo\u00e3o Francisco Muzzi, que registra o inc\u00eandio do Recolhimento de Nossa Senhora do Parto, no Rio de Janeiro, remonta, mais ou menos, \u00e0 cria\u00e7\u00e3o do Corpo de Bombeiros no Brasil, uma cria\u00e7\u00e3o de D. Pedro II.<\/p>\n\n\n\n<p>\u00c9 uma hist\u00f3ria escrita com amor e fogo. Amor \u00e0 institui\u00e7\u00e3o e in\u00fameras chamas que cruzaram o caminho desses bombeiros, cuja primeira tropa chegou por aqui em 27 de julho de 1964. Boa parte dessas pe\u00e7as raras foram doadas pelos primeiros militares que aqui estiveram.<\/p>\n\n\n\n<p>\u201cO Museu Hist\u00f3rico dos Bombeiros atua em v\u00e1rias vertentes. Uma delas \u00e9 o resgate da nossa hist\u00f3ria, nossos valores e miss\u00f5es\u201d, explica o primeiro-tenente. \u201cA outra, a valoriza\u00e7\u00e3o pessoal e do marketing da institui\u00e7\u00e3o, usando o espa\u00e7o para divulga\u00e7\u00e3o dos nossos treinamentos, para mostrar \u00e0 sociedade como a gente trabalha e atua.\u201d.<\/p>\n\n\n\n<p>Apesar de funcionar dentro da Academia de Bombeiros Militar Corpo do DF, tamb\u00e9m \u00e9 aberta ao p\u00fablico civil a visita\u00e7\u00e3o do espa\u00e7o, das 13h \u00e0s 19h, de segunda a quinta, e das 8h \u00e0s 13h, na sexta. Segundo Phrancis Arlley, uma m\u00e9dia de 200 pessoas passam mensalmente pelo local.<\/p>\n\n\n\n<p>Professores e diretores que tiverem interesse em apresentar a hist\u00f3ria e import\u00e2ncia do Corpo de Bombeiros aos alunos s\u00f3 precisam agendar uma visita pelo e-mail&nbsp;<a href=\"mailto:museucbmdf@gmail.com\">museucbmdf@gmail.com<\/a>. \u201cTemos inten\u00e7\u00e3o de fazer projetos educativos com v\u00e1rios tipos de p\u00fablico, incluindo alunos e turistas\u201d, informa o chefe do museu.<\/p>\n","protected":false},"excerpt":{"rendered":"<p>Funcionando desde 2018, Museu Hist\u00f3rico do CBMDF guarda mais de 8 mil itens que comp\u00f5em a mem\u00f3ria de uma das institui\u00e7\u00f5es militares mais antigas do Distrito Federal L\u00facio Fl\u00e1vio, da Ag\u00eancia Bras\u00edlia | Edi\u00e7\u00e3o: Rosualdo Rodrigues&nbsp;Cen\u00e1rio de destrui\u00e7\u00e3o e p\u00e2nico. A cena dram\u00e1tica ganhou repercuss\u00e3o nacional e internacional. Naquela tarde de 29 de janeiro de [&hellip;]<\/p>\n","protected":false},"author":1,"featured_media":0,"comment_status":"open","ping_status":"open","sticky":false,"template":"","format":"standard","meta":{"footnotes":""},"categories":[],"tags":[],"class_list":["post-5609","post","type-post","status-publish","format-standard","hentry"],"_links":{"self":[{"href":"https:\/\/aguaslindasnoticias.com.br\/index.php\/wp-json\/wp\/v2\/posts\/5609","targetHints":{"allow":["GET"]}}],"collection":[{"href":"https:\/\/aguaslindasnoticias.com.br\/index.php\/wp-json\/wp\/v2\/posts"}],"about":[{"href":"https:\/\/aguaslindasnoticias.com.br\/index.php\/wp-json\/wp\/v2\/types\/post"}],"author":[{"embeddable":true,"href":"https:\/\/aguaslindasnoticias.com.br\/index.php\/wp-json\/wp\/v2\/users\/1"}],"replies":[{"embeddable":true,"href":"https:\/\/aguaslindasnoticias.com.br\/index.php\/wp-json\/wp\/v2\/comments?post=5609"}],"version-history":[{"count":0,"href":"https:\/\/aguaslindasnoticias.com.br\/index.php\/wp-json\/wp\/v2\/posts\/5609\/revisions"}],"wp:attachment":[{"href":"https:\/\/aguaslindasnoticias.com.br\/index.php\/wp-json\/wp\/v2\/media?parent=5609"}],"wp:term":[{"taxonomy":"category","embeddable":true,"href":"https:\/\/aguaslindasnoticias.com.br\/index.php\/wp-json\/wp\/v2\/categories?post=5609"},{"taxonomy":"post_tag","embeddable":true,"href":"https:\/\/aguaslindasnoticias.com.br\/index.php\/wp-json\/wp\/v2\/tags?post=5609"}],"curies":[{"name":"wp","href":"https:\/\/api.w.org\/{rel}","templated":true}]}}