{"id":5608,"date":"2023-01-04T10:14:10","date_gmt":"2023-01-04T13:14:10","guid":{"rendered":"https:\/\/aguaslindasnoticias.com.br\/index.php\/2023\/01\/04\/quase-33-mil-profissionais-trabalham-pela-saude-da-populacao-brasiliense\/"},"modified":"2023-01-04T10:14:10","modified_gmt":"2023-01-04T13:14:10","slug":"quase-33-mil-profissionais-trabalham-pela-saude-da-populacao-brasiliense","status":"publish","type":"post","link":"https:\/\/aguaslindasnoticias.com.br\/index.php\/2023\/01\/04\/quase-33-mil-profissionais-trabalham-pela-saude-da-populacao-brasiliense\/","title":{"rendered":"Quase 33 mil profissionais trabalham pela sa\u00fade da popula\u00e7\u00e3o brasiliense"},"content":{"rendered":"\n<p>Desses trabalhadores, 83% est\u00e3o em contato direto com pacientes, na chamada linha de frente<\/p>\n\n\n\n<p>Ag\u00eancia Bras\u00edlia* | Edi\u00e7\u00e3o: Rosualdo Rodrigues&nbsp;A Secretaria de Sa\u00fade do Distrito Federal conta atualmente com 32.828 servidores em for\u00e7a de trabalho. S\u00e3o m\u00e9dicos, enfermeiros, t\u00e9cnicos em enfermagem, odont\u00f3logos, especialistas em sa\u00fade, analistas, t\u00e9cnicos e assistentes, entre outros profissionais, incluindo os que atuam na gest\u00e3o. Isso significa que h\u00e1 quase 33 mil trabalhadores ativos atualmente, dedicados \u00e0 popula\u00e7\u00e3o da capital do pa\u00eds. Desses, 83,3% (27.347) est\u00e3o em contato direto com o paciente, na chamada linha de frente.<\/p>\n\n\n\n<blockquote class=\"wp-block-quote is-layout-flow wp-block-quote-is-layout-flow\"><p>\u201cO enfermeiro \u00e9 o interlocutor e o principal agente catalisador das pol\u00edticas e programas voltados para a sa\u00fade coletiva: na aten\u00e7\u00e3o, na gest\u00e3o, no ensino, na pesquisa, no controle social e no fomento de a\u00e7\u00f5es educativas e de promo\u00e7\u00e3o da sa\u00fade\u201dMaria Leonor Gois, diretora de Enfermagem<\/p><\/blockquote>\n\n\n\n<p>\u201cO trabalho \u00e9 incans\u00e1vel, sempre com responsabilidade e excel\u00eancia. O m\u00e9dico \u00e9 marcado pelo compromisso com a vida, com o ser humano e com o bem-estar de todos aqueles que necessitam de atendimento\u201d, ressalta.<\/p>\n\n\n\n<p>Outro componente indispens\u00e1vel para o funcionamento da engrenagem da sa\u00fade \u00e9 o profissional de enfermagem. \u201cO enfermeiro \u00e9 o interlocutor e o principal agente catalisador das pol\u00edticas e programas voltados para a sa\u00fade coletiva: na aten\u00e7\u00e3o, na gest\u00e3o, no ensino, na pesquisa, no controle social, bem como no fomento de a\u00e7\u00f5es educativas e de promo\u00e7\u00e3o da sa\u00fade dos indiv\u00edduos, fam\u00edlias e comunidades\u201d, afirma a diretora de Enfermagem (Dienf), Maria Leonor Gois.<\/p>\n\n\n\n<figure class=\"wp-block-image\"><img decoding=\"async\" src=\"http:\/\/agenciabrasilia.df.gov.br\/wp-conteudo\/uploads\/2022\/05\/Servidores-do-HMID-durante-homenagem-aos-falecidos-pela-covid-19.-Foto-Geovana-Albuquerque-Arquivo-Agencia-Saude-DF.jpg\" alt=\"\" class=\"wp-image-400546\"\/><figcaption>Servidores do Hospital Materno Infantil de Bras\u00edlia (HMID) durante homenagem aos falecidos pela covid-19 | Foto: Arquivo\/Ag\u00eancia Sa\u00fade DF<\/figcaption><\/figure>\n\n\n\n<p>Leonor menciona que, na \u00e1rea hospitalar, por exemplo, o profissional de enfermagem \u00e9 o que mais tempo fica ao lado do paciente, tendo a \u201ccapacidade de observ\u00e1-lo e consider\u00e1-lo como um todo e n\u00e3o apenas como mais um caso\u201d. \u201cSeja avaliando sinais vitais, administrando medicamentos, preparando e acompanhando exames, sendo o elo entre paciente e familiares, o enfermeiro promove conforto e seguran\u00e7a do usu\u00e1rio nos diversos n\u00edveis que a aten\u00e7\u00e3o hospitalar requer\u201d.<\/p>\n\n\n\n<blockquote class=\"wp-block-quote is-layout-flow wp-block-quote-is-layout-flow\"><p>\u201cNestes dois anos de pandemia, v\u00e1rios servidores estiveram trabalhando presencialmente na sede da pasta. Sem eles, seria imposs\u00edvel contratar os hospitais de campanha, fazer aquisi\u00e7\u00f5es de medicamentos e insumos, pagar os profissionais que estavam na linha de frente\u201d\u201dJansen Rodrigues, secret\u00e1rio-adjunto de Gest\u00e3o em Sa\u00fade<\/p><\/blockquote>\n\n\n\n<p>Na reabilita\u00e7\u00e3o, esse profissional ajuda o paciente a se tornar independente ao m\u00e1ximo poss\u00edvel dentro de suas condi\u00e7\u00f5es. \u201cPromove e incentiva o autocuidado atrav\u00e9s de orienta\u00e7\u00f5es e treinamento de situa\u00e7\u00f5es relacionadas \u00e0s atividades b\u00e1sicas da vida di\u00e1ria, como comer, beber, vestir, andar, dormir, entre outras\u201d, refor\u00e7a a diretora da Dienf.<\/p>\n\n\n\n<p><strong>Processo de contrata\u00e7\u00e3o<\/strong><\/p>\n\n\n\n<p>Para que o profissional da Sa\u00fade possa exercer seu of\u00edcio em prol da popula\u00e7\u00e3o, h\u00e1, antes de mais nada, os processos de contrata\u00e7\u00e3o. E toda aquisi\u00e7\u00e3o de pessoal se inicia na Subsecretaria de Gest\u00e3o de Pessoas (Sugep). O subsecret\u00e1rio Evill\u00e1sio Ramos explica que as admiss\u00f5es se d\u00e3o de acordo com a necessidade dos cargos e passam pelos setores que tratam de or\u00e7amento, finan\u00e7as e despesas.<\/p>\n\n\n\n<p>Em seguida, os processos s\u00e3o encaminhados para a Secretaria de Economia. \u201cAp\u00f3s an\u00e1lise da viabilidade do processo, tem in\u00edcio a contrata\u00e7\u00e3o da banca que ser\u00e1 respons\u00e1vel pela realiza\u00e7\u00e3o do certame\u201d, informa Evill\u00e1sio.<\/p>\n\n\n\n<p>\u201cDestacamos que a realiza\u00e7\u00e3o de novos concursos p\u00fablicos e contrata\u00e7\u00f5es dependem de disponibilidade or\u00e7ament\u00e1ria e financeira e s\u00e3o definidas, autorizadas e publicadas conjuntamente entre as secretarias de Sa\u00fade, Economia e a Casa Civil. A finalidade \u00e9 garantir o equil\u00edbrio or\u00e7ament\u00e1rio e financeiro no \u00e2mbito do poder Executivo do Distrito Federal\u201d, esclarece.<\/p>\n\n\n\n<p>Para al\u00e9m dos 83% de servidores que est\u00e3o na linha de frente, h\u00e1 outros 16% (5.478) atuando indiretamente em prol da popula\u00e7\u00e3o local. \u00c9 o caso dos servidores lotados na sede da pasta, um grupo, composto por chefes, gerentes, supervisores, diretores, entre outros cargos.<\/p>\n\n\n\n<p>O secret\u00e1rio-adjunto de Gest\u00e3o em Sa\u00fade, Jansen Rodrigues, ressalta que, embora n\u00e3o estejam na assist\u00eancia direta, esses trabalhadores s\u00e3o primordiais para a secretaria e para a popula\u00e7\u00e3o. \u201cNestes dois anos (de pandemia), v\u00e1rios servidores estiveram trabalhando presencialmente na sede da pasta\u201d, afirma.<\/p>\n\n\n\n<p>\u201cSem eles, seria imposs\u00edvel contratar os hospitais de campanha, fazer aquisi\u00e7\u00f5es de medicamentos e insumos, pagar os profissionais que estavam na linha de frente. Eles fizeram um trabalho excepcional\u201d, frisa o secret\u00e1rio-adjunto. E garante: \u201cSem eles, talvez a realidade atual em rela\u00e7\u00e3o \u00e0 covid n\u00e3o fosse essa que temos hoje, de praticamente fim da pandemia\u201d.<\/p>\n\n\n\n<p><em>*Com informa\u00e7\u00f5es da Secretaria de Sa\u00fade do DF<\/em><\/p>\n","protected":false},"excerpt":{"rendered":"<p>Desses trabalhadores, 83% est\u00e3o em contato direto com pacientes, na chamada linha de frente Ag\u00eancia Bras\u00edlia* | Edi\u00e7\u00e3o: Rosualdo Rodrigues&nbsp;A Secretaria de Sa\u00fade do Distrito Federal conta atualmente com 32.828 servidores em for\u00e7a de trabalho. S\u00e3o m\u00e9dicos, enfermeiros, t\u00e9cnicos em enfermagem, odont\u00f3logos, especialistas em sa\u00fade, analistas, t\u00e9cnicos e assistentes, entre outros profissionais, incluindo os que [&hellip;]<\/p>\n","protected":false},"author":1,"featured_media":0,"comment_status":"open","ping_status":"open","sticky":false,"template":"","format":"standard","meta":{"footnotes":""},"categories":[],"tags":[],"class_list":["post-5608","post","type-post","status-publish","format-standard","hentry"],"_links":{"self":[{"href":"https:\/\/aguaslindasnoticias.com.br\/index.php\/wp-json\/wp\/v2\/posts\/5608","targetHints":{"allow":["GET"]}}],"collection":[{"href":"https:\/\/aguaslindasnoticias.com.br\/index.php\/wp-json\/wp\/v2\/posts"}],"about":[{"href":"https:\/\/aguaslindasnoticias.com.br\/index.php\/wp-json\/wp\/v2\/types\/post"}],"author":[{"embeddable":true,"href":"https:\/\/aguaslindasnoticias.com.br\/index.php\/wp-json\/wp\/v2\/users\/1"}],"replies":[{"embeddable":true,"href":"https:\/\/aguaslindasnoticias.com.br\/index.php\/wp-json\/wp\/v2\/comments?post=5608"}],"version-history":[{"count":0,"href":"https:\/\/aguaslindasnoticias.com.br\/index.php\/wp-json\/wp\/v2\/posts\/5608\/revisions"}],"wp:attachment":[{"href":"https:\/\/aguaslindasnoticias.com.br\/index.php\/wp-json\/wp\/v2\/media?parent=5608"}],"wp:term":[{"taxonomy":"category","embeddable":true,"href":"https:\/\/aguaslindasnoticias.com.br\/index.php\/wp-json\/wp\/v2\/categories?post=5608"},{"taxonomy":"post_tag","embeddable":true,"href":"https:\/\/aguaslindasnoticias.com.br\/index.php\/wp-json\/wp\/v2\/tags?post=5608"}],"curies":[{"name":"wp","href":"https:\/\/api.w.org\/{rel}","templated":true}]}}