{"id":5606,"date":"2023-01-04T10:14:10","date_gmt":"2023-01-04T13:14:10","guid":{"rendered":"https:\/\/aguaslindasnoticias.com.br\/index.php\/2023\/01\/04\/vendas-no-comercio-do-df-crescem-47-em-fevereiro\/"},"modified":"2023-01-04T10:14:10","modified_gmt":"2023-01-04T13:14:10","slug":"vendas-no-comercio-do-df-crescem-47-em-fevereiro","status":"publish","type":"post","link":"https:\/\/aguaslindasnoticias.com.br\/index.php\/2023\/01\/04\/vendas-no-comercio-do-df-crescem-47-em-fevereiro\/","title":{"rendered":"Vendas no com\u00e9rcio do DF crescem 4,7% em fevereiro"},"content":{"rendered":"\n<p>Incremento em rela\u00e7\u00e3o a janeiro \u00e9 considerado pela Fecom\u00e9rcio como o in\u00edcio da supera\u00e7\u00e3o da crise gerada pela pandemia. Secretaria de Economia atribui resultado ao apoio do GDF aos setores mais afetados<\/p>\n\n\n\n<p>Catarina Lima, da Ag\u00eancia Bras\u00edlia | Edi\u00e7\u00e3o: Claudio Fernandes<\/p>\n\n\n\n<blockquote class=\"wp-block-quote is-layout-flow wp-block-quote-is-layout-flow\"><p>\u201cS\u00e3o resultados positivos obtidos tamb\u00e9m gra\u00e7as \u00e0s medidas propostas nos programas Pr\u00f3-Economia I e II, lan\u00e7ados pelo GDF para auxiliar categorias mais afetadas pela pandemia e reaquecer a economia da capital\u201dItamar Feitosa, secret\u00e1rio de Economia<\/p><\/blockquote>\n\n\n\n<p>A Federa\u00e7\u00e3o do Com\u00e9rcio do Distrito Federal (Fecom\u00e9rcio) considera o aumento de 4,7% nas vendas do com\u00e9rcio, no m\u00eas de fevereiro deste ano em rela\u00e7\u00e3o ao m\u00eas anterior, o in\u00edcio da supera\u00e7\u00e3o da crise gerada pela pandemia de covid-19. Os n\u00fameros est\u00e3o na Pesquisa Mensal do Com\u00e9rcio, do Instituto Brasileiro de Geografia e Estat\u00edstica (IBGE). O desempenho do Distrito Federal foi o quinto melhor do pa\u00eds. O secret\u00e1rio de Economia, Itamar Feitosa, acredita que o resultado positivo se deve ao apoio do Governo do Distrito Federal (GDF) aos setores mais afetados pela pandemia.<\/p>\n\n\n\n<p>\u201cS\u00e3o resultados positivos obtidos tamb\u00e9m gra\u00e7as \u00e0s medidas propostas nos programas Pr\u00f3-Economia I e II, lan\u00e7ados pelo GDF para auxiliar categorias mais afetadas pela pandemia e reaquecer a economia da capital\u201d, avaliou o secret\u00e1rio.<\/p>\n\n\n\n<figure class=\"wp-block-image\"><img decoding=\"async\" src=\"http:\/\/agenciabrasilia.df.gov.br\/wp-conteudo\/uploads\/2022\/04\/50926121898_88af59f570_k.jpg\" alt=\"\" class=\"wp-image-400033\"\/><figcaption>A recupera\u00e7\u00e3o do com\u00e9rcio no DF come\u00e7ou em janeiro e continuou no m\u00eas seguinte, segundo o IBGE | Foto: Arquivo\/Ag\u00eancia Bras\u00edlia<\/figcaption><\/figure>\n\n\n\n<p>O secret\u00e1rio Thales Mendes afirma que a qualifica\u00e7\u00e3o profissional tem sido fundamental na retomada do consumo. \u201cEste \u00e9 um dos principais desafios para esse per\u00edodo. Ap\u00f3s os resultados dos programas de gera\u00e7\u00e3o de emprego e renda que foram implantados e fizeram reaquecer a economia local, os empregadores iniciaram um novo per\u00edodo, o de contrata\u00e7\u00e3o. Mas querem contratar aqueles que t\u00eam um m\u00ednimo de qualifica\u00e7\u00e3o profissional\u201d, detalhou.<\/p>\n\n\n\n<p>O titular do Trabalho disse ainda que o grande desafio, agora, \u00e9 preparar as pessoas para enfrentar esse mercado de trabalho de forma mais capacitada. \u201cHoje temos o RenovaDF, que, al\u00e9m de gerar emprego e renda e recuperar equipamentos p\u00fablicos, tem como principal fun\u00e7\u00e3o a capacita\u00e7\u00e3o profissional\u201d, explicou.<\/p>\n\n\n\n<p>A queda nas compras at\u00e9 dezembro de 2021 vinha se mantendo m\u00eas a m\u00eas em 5% negativos. Em janeiro, houve uma recupera\u00e7\u00e3o de 1,4%, quando o \u00edndice passou a 3,6% negativos. Para o presidente da Fecom\u00e9rcio, Jos\u00e9 Aparecido Freire, o que existe por parte do com\u00e9rcio \u00e9 um \u201cotimismo controlado\u201d.<\/p>\n\n\n\n<p>De acordo com dados da Secretaria de Economia, na compara\u00e7\u00e3o entre fevereiro de 2021 e de 2022, houve aumento na arrecada\u00e7\u00e3o de ICMS, ISS, Imposto de Renda e IPVA.<\/p>\n\n\n\n<figure class=\"wp-block-image\"><img decoding=\"async\" src=\"http:\/\/agenciabrasilia.df.gov.br\/wp-conteudo\/uploads\/2022\/04\/Catiana-de-Almeida-1024x680.jpg\" alt=\"\" class=\"wp-image-400028\"\/><figcaption>Vendedora de uma loja de lingeries importadas, Catiana Almeida est\u00e1 com uma expectativa positiva para as vendas para o Dia das M\u00e3es | Foto: Renato Ara\u00fajo\/Ag\u00eancia Bras\u00edlia<\/figcaption><\/figure>\n\n\n\n<p>Mesmo estabelecimentos que comercializam produtos considerados sup\u00e9rfluos alegam que houve aumento nas vendas, como aponta a vendedora Catiana Almeida, que trabalha em uma loja de lingeries importadas: \u201cO m\u00eas de fevereiro foi bem melhor que o m\u00eas de janeiro, sem d\u00favida\u201d. Ela acredita estar havendo uma retomada em rela\u00e7\u00e3o ao per\u00edodo da pandemia. \u201cA vacina\u00e7\u00e3o foi muito importante nesse avan\u00e7o\u201d, disse ela, que est\u00e1 otimista em rela\u00e7\u00e3o ao Dias das M\u00e3es. \u201cEstou com uma expectativa bem positiva\u201d.<\/p>\n\n\n\n<p>Outra que est\u00e1 otimista para a data \u00e9 a vendedora Fl\u00e1via Sousa, que trabalha em uma loja de perfumes importados. \u201cDe janeiro a fevereiro, as vendas aumentaram. Por vendermos produtos de marcas muito boas, as pessoas t\u00eam procurado e comprado\u201d, afirmou Fl\u00e1via.<\/p>\n\n\n\n<figure class=\"wp-block-image\"><img decoding=\"async\" src=\"http:\/\/agenciabrasilia.df.gov.br\/wp-conteudo\/uploads\/2022\/04\/Flavia-Souza-1024x680.jpg\" alt=\"\" class=\"wp-image-400029\"\/><figcaption>Fl\u00e1via Sousa, que trabalha em uma loja de perfumes, percebeu aumento nas vendas entre janeiro e fevereiro | Foto: Renato Ara\u00fajo\/Ag\u00eancia Bras\u00edlia<\/figcaption><\/figure>\n","protected":false},"excerpt":{"rendered":"<p>Incremento em rela\u00e7\u00e3o a janeiro \u00e9 considerado pela Fecom\u00e9rcio como o in\u00edcio da supera\u00e7\u00e3o da crise gerada pela pandemia. Secretaria de Economia atribui resultado ao apoio do GDF aos setores mais afetados Catarina Lima, da Ag\u00eancia Bras\u00edlia | Edi\u00e7\u00e3o: Claudio Fernandes \u201cS\u00e3o resultados positivos obtidos tamb\u00e9m gra\u00e7as \u00e0s medidas propostas nos programas Pr\u00f3-Economia I e [&hellip;]<\/p>\n","protected":false},"author":1,"featured_media":0,"comment_status":"open","ping_status":"open","sticky":false,"template":"","format":"standard","meta":{"footnotes":""},"categories":[],"tags":[],"class_list":["post-5606","post","type-post","status-publish","format-standard","hentry"],"_links":{"self":[{"href":"https:\/\/aguaslindasnoticias.com.br\/index.php\/wp-json\/wp\/v2\/posts\/5606","targetHints":{"allow":["GET"]}}],"collection":[{"href":"https:\/\/aguaslindasnoticias.com.br\/index.php\/wp-json\/wp\/v2\/posts"}],"about":[{"href":"https:\/\/aguaslindasnoticias.com.br\/index.php\/wp-json\/wp\/v2\/types\/post"}],"author":[{"embeddable":true,"href":"https:\/\/aguaslindasnoticias.com.br\/index.php\/wp-json\/wp\/v2\/users\/1"}],"replies":[{"embeddable":true,"href":"https:\/\/aguaslindasnoticias.com.br\/index.php\/wp-json\/wp\/v2\/comments?post=5606"}],"version-history":[{"count":0,"href":"https:\/\/aguaslindasnoticias.com.br\/index.php\/wp-json\/wp\/v2\/posts\/5606\/revisions"}],"wp:attachment":[{"href":"https:\/\/aguaslindasnoticias.com.br\/index.php\/wp-json\/wp\/v2\/media?parent=5606"}],"wp:term":[{"taxonomy":"category","embeddable":true,"href":"https:\/\/aguaslindasnoticias.com.br\/index.php\/wp-json\/wp\/v2\/categories?post=5606"},{"taxonomy":"post_tag","embeddable":true,"href":"https:\/\/aguaslindasnoticias.com.br\/index.php\/wp-json\/wp\/v2\/tags?post=5606"}],"curies":[{"name":"wp","href":"https:\/\/api.w.org\/{rel}","templated":true}]}}