{"id":5605,"date":"2023-01-04T10:14:10","date_gmt":"2023-01-04T13:14:10","guid":{"rendered":"https:\/\/aguaslindasnoticias.com.br\/index.php\/2023\/01\/04\/gdf-investe-r-24-milhoes-em-bacia-de-contencao-do-parque-da-cidade\/"},"modified":"2023-01-04T10:14:10","modified_gmt":"2023-01-04T13:14:10","slug":"gdf-investe-r-24-milhoes-em-bacia-de-contencao-do-parque-da-cidade","status":"publish","type":"post","link":"https:\/\/aguaslindasnoticias.com.br\/index.php\/2023\/01\/04\/gdf-investe-r-24-milhoes-em-bacia-de-contencao-do-parque-da-cidade\/","title":{"rendered":"GDF investe R$ 2,4 milh\u00f5es em bacia de conten\u00e7\u00e3o do Parque da Cidade"},"content":{"rendered":"\n<p>Localizada na altura da 912\/913 Sul, a interven\u00e7\u00e3o, que gerou 50 empregos, atende ao sistema de drenagem do Sudoeste, do SIG e do final da Asa Sul<\/p>\n\n\n\n<p>Adriana Izel, da Ag\u00eancia Bras\u00edlia I Edi\u00e7\u00e3o: D\u00e9bora Cronemberger&nbsp;As obras de amplia\u00e7\u00e3o da bacia de conten\u00e7\u00e3o do Parque da Cidade, na \u00e1rea da 912\/913 Sul, foram conclu\u00eddas. Com o t\u00e9rmino dos trabalhos, o reservat\u00f3rio teve a capacidade ampliada para 200 mil m\u00b3 \u2013 antes o volume era de 100 mil m\u00b3. O investimento foi de R$ 2,4 milh\u00f5es.<\/p>\n\n\n\n<figure class=\"wp-block-image\"><img decoding=\"async\" src=\"http:\/\/www.agenciabrasilia.df.gov.br\/wp-conteudo\/uploads\/2022\/05\/Capa-scaled.jpg\" alt=\"\" class=\"wp-image-400616\"\/><figcaption>Obra amplia o sistema da rede de drenagem no Parque da Cidade e est\u00e1 associada \u00e0 constru\u00e7\u00e3o do viaduto da Epig | Foto: Tony Oliveira\/Ag\u00eancia Bras\u00edlia<\/figcaption><\/figure>\n\n\n\n<p>A interven\u00e7\u00e3o consistiu na escava\u00e7\u00e3o de 113.717,71 m\u00b3, execu\u00e7\u00e3o de 570,26 m\u00b2 de \u00e1rea de gabi\u00f5es (esp\u00e9cie de muro flex\u00edvel e drenante, que ajuda a&nbsp; evitar desabamentos) e planta\u00e7\u00e3o de 5.073,82 m\u00b2 de \u00e1rea de grama. Tamb\u00e9m foram inclu\u00eddas 289 unidades de cerca viva plantada.<\/p>\n\n\n\n<p>A obra est\u00e1 associada \u00e0 constru\u00e7\u00e3o do viaduto da Estrada Parque e Ind\u00fastrias Gr\u00e1ficas (Epig) e tem o objetivo de aumentar a capacidade da bacia atendendo o sistema de drenagem do Sudoeste, do Setor de Ind\u00fastrias Gr\u00e1ficas (SIG) e do final da Asa Sul, das quadras 13 a 16.<\/p>\n\n\n\n<p>\u201cEssa obra foi uma exig\u00eancia do Iphan [Instituto do Patrim\u00f4nio Hist\u00f3rico e Art\u00edstico Nacional] para que fosse poss\u00edvel tirar do papel o viaduto da Epig. Era necess\u00e1rio ampliar o sistema da rede de drenagem. Foi a amplia\u00e7\u00e3o da capacidade da lagoa\u201d, explica o secret\u00e1rio de Obras, Luciano Carvalho.<\/p>\n\n\n\n<p>Os servi\u00e7os foram executados pela TVA Constru\u00e7\u00e3o Eirelli. Ao todo, foram gerados 50 empregos diretos.<\/p>\n\n\n\n<p>As obras integram o projeto do Corredor Eixo Oeste, que prev\u00ea o alargamento de pistas e a constru\u00e7\u00e3o de faixas exclusivas nas principais vias de liga\u00e7\u00e3o do Sol Nascente com o Plano Piloto, como a Avenida H\u00e9lio Prates, a Epig e a Estrada Parque Pol\u00edcia Militar (ESPM), que leva ao Terminal da Asa Sul.<\/p>\n","protected":false},"excerpt":{"rendered":"<p>Localizada na altura da 912\/913 Sul, a interven\u00e7\u00e3o, que gerou 50 empregos, atende ao sistema de drenagem do Sudoeste, do SIG e do final da Asa Sul Adriana Izel, da Ag\u00eancia Bras\u00edlia I Edi\u00e7\u00e3o: D\u00e9bora Cronemberger&nbsp;As obras de amplia\u00e7\u00e3o da bacia de conten\u00e7\u00e3o do Parque da Cidade, na \u00e1rea da 912\/913 Sul, foram conclu\u00eddas. Com [&hellip;]<\/p>\n","protected":false},"author":1,"featured_media":0,"comment_status":"open","ping_status":"open","sticky":false,"template":"","format":"standard","meta":{"footnotes":""},"categories":[],"tags":[],"class_list":["post-5605","post","type-post","status-publish","format-standard","hentry"],"_links":{"self":[{"href":"https:\/\/aguaslindasnoticias.com.br\/index.php\/wp-json\/wp\/v2\/posts\/5605","targetHints":{"allow":["GET"]}}],"collection":[{"href":"https:\/\/aguaslindasnoticias.com.br\/index.php\/wp-json\/wp\/v2\/posts"}],"about":[{"href":"https:\/\/aguaslindasnoticias.com.br\/index.php\/wp-json\/wp\/v2\/types\/post"}],"author":[{"embeddable":true,"href":"https:\/\/aguaslindasnoticias.com.br\/index.php\/wp-json\/wp\/v2\/users\/1"}],"replies":[{"embeddable":true,"href":"https:\/\/aguaslindasnoticias.com.br\/index.php\/wp-json\/wp\/v2\/comments?post=5605"}],"version-history":[{"count":0,"href":"https:\/\/aguaslindasnoticias.com.br\/index.php\/wp-json\/wp\/v2\/posts\/5605\/revisions"}],"wp:attachment":[{"href":"https:\/\/aguaslindasnoticias.com.br\/index.php\/wp-json\/wp\/v2\/media?parent=5605"}],"wp:term":[{"taxonomy":"category","embeddable":true,"href":"https:\/\/aguaslindasnoticias.com.br\/index.php\/wp-json\/wp\/v2\/categories?post=5605"},{"taxonomy":"post_tag","embeddable":true,"href":"https:\/\/aguaslindasnoticias.com.br\/index.php\/wp-json\/wp\/v2\/tags?post=5605"}],"curies":[{"name":"wp","href":"https:\/\/api.w.org\/{rel}","templated":true}]}}