{"id":5603,"date":"2023-01-04T10:14:10","date_gmt":"2023-01-04T13:14:10","guid":{"rendered":"https:\/\/aguaslindasnoticias.com.br\/index.php\/2023\/01\/04\/detran-lanca-9a-edicao-do-maio-amarelo\/"},"modified":"2023-01-04T10:14:10","modified_gmt":"2023-01-04T13:14:10","slug":"detran-lanca-9a-edicao-do-maio-amarelo","status":"publish","type":"post","link":"https:\/\/aguaslindasnoticias.com.br\/index.php\/2023\/01\/04\/detran-lanca-9a-edicao-do-maio-amarelo\/","title":{"rendered":"Detran lan\u00e7a 9\u00aa edi\u00e7\u00e3o do Maio Amarelo"},"content":{"rendered":"\n<figure class=\"wp-block-image size-large\"><img decoding=\"async\" src=\"http:\/\/claricegulyas.com.br\/wp-content\/uploads\/2022\/04\/Maio-amarelo_01-768x960-1.png\" alt=\"\" class=\"wp-image-10095\"\/><\/figure>\n\n\n\n<p>Com o tema &#8216;Juntos salvamos vidas&#8217;, o Detran lan\u00e7a na pr\u00f3xima ter\u00e7a a 9\u00aa edi\u00e7\u00e3o da campanha Maio Amarelo. A programa\u00e7\u00e3o contar\u00e1 com apresenta\u00e7\u00f5es de teatro, lives, palestras, passeios cicl\u00edsticos e blitzes educativas.<\/p>\n\n\n\n<p>As atividades ser\u00e3o realizadas em v\u00e1rias regi\u00f5es do DF e ocorrer\u00e3o em vias p\u00fablicas, escolas, faculdades e empresas. O movimento tamb\u00e9m vai passar por eventos como a Feira do Livro e a Cidade da Seguran\u00e7a P\u00fablica, em Sobradinho.<\/p>\n\n\n\n<p>Alguns dos p\u00fablicos atingidos ser\u00e3o motofretistas e motoristas do transporte coletivo. A abertura oficial da a\u00e7\u00e3o vai ser \u00e0s 10h, no audit\u00f3rio do edif\u00edcio sede do Detran.<\/p>\n\n\n\n<p>Por Clarice Gulyas \/ com informa\u00e7\u00f5es da Ag\u00eancia Bras\u00edlia<\/p>\n","protected":false},"excerpt":{"rendered":"<p>Com o tema &#8216;Juntos salvamos vidas&#8217;, o Detran lan\u00e7a na pr\u00f3xima ter\u00e7a a 9\u00aa edi\u00e7\u00e3o da campanha Maio Amarelo. A programa\u00e7\u00e3o contar\u00e1 com apresenta\u00e7\u00f5es de teatro, lives, palestras, passeios cicl\u00edsticos e blitzes educativas. As atividades ser\u00e3o realizadas em v\u00e1rias regi\u00f5es do DF e ocorrer\u00e3o em vias p\u00fablicas, escolas, faculdades e empresas. O movimento tamb\u00e9m vai [&hellip;]<\/p>\n","protected":false},"author":1,"featured_media":0,"comment_status":"open","ping_status":"open","sticky":false,"template":"","format":"standard","meta":{"footnotes":""},"categories":[],"tags":[],"class_list":["post-5603","post","type-post","status-publish","format-standard","hentry"],"_links":{"self":[{"href":"https:\/\/aguaslindasnoticias.com.br\/index.php\/wp-json\/wp\/v2\/posts\/5603","targetHints":{"allow":["GET"]}}],"collection":[{"href":"https:\/\/aguaslindasnoticias.com.br\/index.php\/wp-json\/wp\/v2\/posts"}],"about":[{"href":"https:\/\/aguaslindasnoticias.com.br\/index.php\/wp-json\/wp\/v2\/types\/post"}],"author":[{"embeddable":true,"href":"https:\/\/aguaslindasnoticias.com.br\/index.php\/wp-json\/wp\/v2\/users\/1"}],"replies":[{"embeddable":true,"href":"https:\/\/aguaslindasnoticias.com.br\/index.php\/wp-json\/wp\/v2\/comments?post=5603"}],"version-history":[{"count":0,"href":"https:\/\/aguaslindasnoticias.com.br\/index.php\/wp-json\/wp\/v2\/posts\/5603\/revisions"}],"wp:attachment":[{"href":"https:\/\/aguaslindasnoticias.com.br\/index.php\/wp-json\/wp\/v2\/media?parent=5603"}],"wp:term":[{"taxonomy":"category","embeddable":true,"href":"https:\/\/aguaslindasnoticias.com.br\/index.php\/wp-json\/wp\/v2\/categories?post=5603"},{"taxonomy":"post_tag","embeddable":true,"href":"https:\/\/aguaslindasnoticias.com.br\/index.php\/wp-json\/wp\/v2\/tags?post=5603"}],"curies":[{"name":"wp","href":"https:\/\/api.w.org\/{rel}","templated":true}]}}