{"id":5602,"date":"2023-01-04T10:14:10","date_gmt":"2023-01-04T13:14:10","guid":{"rendered":"https:\/\/aguaslindasnoticias.com.br\/index.php\/2023\/01\/04\/sabado-30-e-dia-d-contra-gripe-e-sarampo\/"},"modified":"2023-01-04T10:14:10","modified_gmt":"2023-01-04T13:14:10","slug":"sabado-30-e-dia-d-contra-gripe-e-sarampo","status":"publish","type":"post","link":"https:\/\/aguaslindasnoticias.com.br\/index.php\/2023\/01\/04\/sabado-30-e-dia-d-contra-gripe-e-sarampo\/","title":{"rendered":"S\u00e1bado (30) \u00e9 Dia D contra gripe e sarampo"},"content":{"rendered":"\n<figure class=\"wp-block-image size-large\"><img decoding=\"async\" src=\"http:\/\/claricegulyas.com.br\/wp-content\/uploads\/2022\/04\/Vacinacao-no-Dia-D-deve-atender-criancas-a-partir-de-6-meses-de-idade.-Foto-Tony-Winston-Agencia-Saude-DF-768x512-1.jpg\" alt=\"\" class=\"wp-image-10092\"\/><figcaption>Foto Tony Winston\/Ag\u00eancia Sa\u00fade DF<\/figcaption><\/figure>\n\n\n\n<p>Este s\u00e1bado (30\/4) \u00e9 o Dia D de vacina\u00e7\u00e3o contra a gripe e o sarampo. O GDF preparou 79 pontos de atendimento para atendimentos das 9h \u00e0s 17h.<\/p>\n\n\n\n<p>Para vacinas contra a gripe influenza ser\u00e3o atendidos idosos com 60 anos ou mais e crian\u00e7as com idades entre 6 meses e 4 anos e 11 meses. No dia D, a imuniza\u00e7\u00e3o tamb\u00e9m vai atender a gestantes, pu\u00e9rperas, trabalhadores da sa\u00fade, ind\u00edgenas, professores, portadores de doen\u00e7as cr\u00f4nicas n\u00e3o transmiss\u00edveis e outras condi\u00e7\u00f5es cl\u00ednicas especiais.<\/p>\n\n\n\n<p>Os p\u00fablicos priorit\u00e1rios tamb\u00e9m v\u00e3o poder procurar as unidades de sa\u00fade a partir de segunda. A meta \u00e9 vacinar pelo menos 90% dos grupos eleg\u00edveis at\u00e9 o dia 3 de junho, que corresponde a pelo menos 1 milh\u00e3o de pessoas.<\/p>\n\n\n\n<p>No s\u00e1bado tamb\u00e9m \u00e9 dia de vacina\u00e7\u00e3o contra o sarampo. A a\u00e7\u00e3o \u00e9 voltada para crian\u00e7as de 6 meses a menores de 5 anos. O p\u00fablico-alvo no DF \u00e9 de aproximadamente 182 mil crian\u00e7as e a meta \u00e9 vacinar 95% delas.<\/p>\n\n\n\n<p>Por Clarice Gulyas \/ com informa\u00e7\u00f5es da Ag\u00eancia Bras\u00edlia<\/p>\n","protected":false},"excerpt":{"rendered":"<p>Este s\u00e1bado (30\/4) \u00e9 o Dia D de vacina\u00e7\u00e3o contra a gripe e o sarampo. O GDF preparou 79 pontos de atendimento para atendimentos das 9h \u00e0s 17h. Para vacinas contra a gripe influenza ser\u00e3o atendidos idosos com 60 anos ou mais e crian\u00e7as com idades entre 6 meses e 4 anos e 11 meses. [&hellip;]<\/p>\n","protected":false},"author":1,"featured_media":0,"comment_status":"open","ping_status":"open","sticky":false,"template":"","format":"standard","meta":{"footnotes":""},"categories":[],"tags":[],"class_list":["post-5602","post","type-post","status-publish","format-standard","hentry"],"_links":{"self":[{"href":"https:\/\/aguaslindasnoticias.com.br\/index.php\/wp-json\/wp\/v2\/posts\/5602","targetHints":{"allow":["GET"]}}],"collection":[{"href":"https:\/\/aguaslindasnoticias.com.br\/index.php\/wp-json\/wp\/v2\/posts"}],"about":[{"href":"https:\/\/aguaslindasnoticias.com.br\/index.php\/wp-json\/wp\/v2\/types\/post"}],"author":[{"embeddable":true,"href":"https:\/\/aguaslindasnoticias.com.br\/index.php\/wp-json\/wp\/v2\/users\/1"}],"replies":[{"embeddable":true,"href":"https:\/\/aguaslindasnoticias.com.br\/index.php\/wp-json\/wp\/v2\/comments?post=5602"}],"version-history":[{"count":0,"href":"https:\/\/aguaslindasnoticias.com.br\/index.php\/wp-json\/wp\/v2\/posts\/5602\/revisions"}],"wp:attachment":[{"href":"https:\/\/aguaslindasnoticias.com.br\/index.php\/wp-json\/wp\/v2\/media?parent=5602"}],"wp:term":[{"taxonomy":"category","embeddable":true,"href":"https:\/\/aguaslindasnoticias.com.br\/index.php\/wp-json\/wp\/v2\/categories?post=5602"},{"taxonomy":"post_tag","embeddable":true,"href":"https:\/\/aguaslindasnoticias.com.br\/index.php\/wp-json\/wp\/v2\/tags?post=5602"}],"curies":[{"name":"wp","href":"https:\/\/api.w.org\/{rel}","templated":true}]}}