{"id":5601,"date":"2023-01-04T10:14:10","date_gmt":"2023-01-04T13:14:10","guid":{"rendered":"https:\/\/aguaslindasnoticias.com.br\/index.php\/2023\/01\/04\/populacao-classifica-onibus-e-hospitais-como-piores-servicos-publicos-do-df\/"},"modified":"2023-01-04T10:14:10","modified_gmt":"2023-01-04T13:14:10","slug":"populacao-classifica-onibus-e-hospitais-como-piores-servicos-publicos-do-df","status":"publish","type":"post","link":"https:\/\/aguaslindasnoticias.com.br\/index.php\/2023\/01\/04\/populacao-classifica-onibus-e-hospitais-como-piores-servicos-publicos-do-df\/","title":{"rendered":"Popula\u00e7\u00e3o classifica \u00f4nibus e hospitais como piores servi\u00e7os p\u00fablicos do DF"},"content":{"rendered":"\n<figure class=\"wp-block-image size-large\"><img decoding=\"async\" src=\"http:\/\/claricegulyas.com.br\/wp-content\/uploads\/2022\/04\/11111-1024x680.jpg\" alt=\"\" class=\"wp-image-10089\"\/><figcaption>Foto: Lucio Bernardo Jr.\/Ag\u00eancia Bras\u00edlia<\/figcaption><\/figure>\n\n\n\n<p>Uma pesquisa do projeto Observa DF, da UnB, revela que dentre as \u00e1reas de educa\u00e7\u00e3o, sa\u00fade, transporte e seguran\u00e7a p\u00fablica do Distrito Federal, os hospitais e a mobilidade s\u00e3o os servi\u00e7os mais mal classificados pela popula\u00e7\u00e3o.<\/p>\n\n\n\n<p>De acordo com o estudo, 74,8% dos entrevistados usa os \u00f4nibus como meio de transporte e 33% consideraram o servi\u00e7o p\u00e9ssimo; 25,6% avaliaram como regular; e 19,8%, como ruim.<\/p>\n\n\n\n<p>A percep\u00e7\u00e3o sobre o metr\u00f4 \u00e9 mais positiva: para 23,8% da popula\u00e7\u00e3o consultada na pesquisa, o servi\u00e7o \u00e9 regular; 7,7% consideram o modal p\u00e9ssimo; e 6,9% avaliaram como ruim.<\/p>\n\n\n\n<p>Na \u00e1rea da Sa\u00fade, 59,5% declararam utilizar os servi\u00e7os dos hospitais p\u00fablicos. Mais de 84% dos entrevistados classificaram as estruturas como regulares, ruins ou p\u00e9ssimas. J\u00e1 as unidades b\u00e1sicas de sa\u00fade (UBSs), por exemplo, foram receberam nota &#8220;\u00f3tima&#8221; ou &#8220;boa&#8221; por 20% dos entrevistados.<\/p>\n\n\n\n<p>Uma das conclus\u00f5es dos estudos \u00e9 que quanto mais pr\u00f3xima da popula\u00e7\u00e3o \u00e9 o servi\u00e7o prestado, melhor a percep\u00e7\u00e3o dos resultados. A pesquisa ouviu mil pessoas de 26 das 33 regi\u00f5es administrativas do DF no m\u00eas passado.<\/p>\n\n\n\n<p>Por Clarice Gulyas \/ com informa\u00e7\u00f5es do Correio Braziliense<\/p>\n","protected":false},"excerpt":{"rendered":"<p>Uma pesquisa do projeto Observa DF, da UnB, revela que dentre as \u00e1reas de educa\u00e7\u00e3o, sa\u00fade, transporte e seguran\u00e7a p\u00fablica do Distrito Federal, os hospitais e a mobilidade s\u00e3o os servi\u00e7os mais mal classificados pela popula\u00e7\u00e3o. De acordo com o estudo, 74,8% dos entrevistados usa os \u00f4nibus como meio de transporte e 33% consideraram o [&hellip;]<\/p>\n","protected":false},"author":1,"featured_media":0,"comment_status":"open","ping_status":"open","sticky":false,"template":"","format":"standard","meta":{"footnotes":""},"categories":[],"tags":[],"class_list":["post-5601","post","type-post","status-publish","format-standard","hentry"],"_links":{"self":[{"href":"https:\/\/aguaslindasnoticias.com.br\/index.php\/wp-json\/wp\/v2\/posts\/5601","targetHints":{"allow":["GET"]}}],"collection":[{"href":"https:\/\/aguaslindasnoticias.com.br\/index.php\/wp-json\/wp\/v2\/posts"}],"about":[{"href":"https:\/\/aguaslindasnoticias.com.br\/index.php\/wp-json\/wp\/v2\/types\/post"}],"author":[{"embeddable":true,"href":"https:\/\/aguaslindasnoticias.com.br\/index.php\/wp-json\/wp\/v2\/users\/1"}],"replies":[{"embeddable":true,"href":"https:\/\/aguaslindasnoticias.com.br\/index.php\/wp-json\/wp\/v2\/comments?post=5601"}],"version-history":[{"count":0,"href":"https:\/\/aguaslindasnoticias.com.br\/index.php\/wp-json\/wp\/v2\/posts\/5601\/revisions"}],"wp:attachment":[{"href":"https:\/\/aguaslindasnoticias.com.br\/index.php\/wp-json\/wp\/v2\/media?parent=5601"}],"wp:term":[{"taxonomy":"category","embeddable":true,"href":"https:\/\/aguaslindasnoticias.com.br\/index.php\/wp-json\/wp\/v2\/categories?post=5601"},{"taxonomy":"post_tag","embeddable":true,"href":"https:\/\/aguaslindasnoticias.com.br\/index.php\/wp-json\/wp\/v2\/tags?post=5601"}],"curies":[{"name":"wp","href":"https:\/\/api.w.org\/{rel}","templated":true}]}}