{"id":5599,"date":"2023-01-04T10:14:10","date_gmt":"2023-01-04T13:14:10","guid":{"rendered":"https:\/\/aguaslindasnoticias.com.br\/index.php\/2023\/01\/04\/opiniao-1o-de-maio-dia-de-reflexao-e-luta\/"},"modified":"2023-01-04T10:14:10","modified_gmt":"2023-01-04T13:14:10","slug":"opiniao-1o-de-maio-dia-de-reflexao-e-luta","status":"publish","type":"post","link":"https:\/\/aguaslindasnoticias.com.br\/index.php\/2023\/01\/04\/opiniao-1o-de-maio-dia-de-reflexao-e-luta\/","title":{"rendered":"Opini\u00e3o: 1\u00ba de maio &#8211; Dia de reflex\u00e3o e luta!"},"content":{"rendered":"\n<figure class=\"wp-block-image size-large\"><img decoding=\"async\" src=\"http:\/\/claricegulyas.com.br\/wp-content\/uploads\/2022\/04\/Flauzino-Antunes-1.png\" alt=\"\" class=\"wp-image-10082\"\/><\/figure>\n\n\n\n<p>Diante da alta do desemprego, perdas salariais, aumento da infla\u00e7\u00e3o e do custo de vida, e tantas outras amea\u00e7as e retrocessos, infelizmente, n\u00e3o temos o que comemorar. Com a pandemia, vimos a situa\u00e7\u00e3o dos trabalhadores se agravar ainda mais com o fechamento de empresas e postos de trabalho.<\/p>\n\n\n\n<p>Muitos se utilizaram desta e tantas outras crises para tirar proveito da classe trabalhadora, privatizando servi\u00e7os essenciais e retirando direitos. Enfrentamos ainda os desafios da modernidade e da tecnologia, que visam substituir trabalhadores e trabalhadoras, contribuindo tamb\u00e9m com o aumento do trabalho informal.<\/p>\n\n\n\n<p>N\u00e3o podemos mais permitir que conquistas hist\u00f3ricas e direitos fundamentais sejam desrespeitados e ignorados pela m\u00e1 vontade pol\u00edtica e falta de debate econ\u00f4mico. Devemos, juntos, resistir e lutar pela garantia dos nossos direitos e melhores condi\u00e7\u00f5es de trabalho e de sal\u00e1rios.<\/p>\n\n\n\n<p>Queremos respeito, dignidade e valoriza\u00e7\u00e3o!<\/p>\n\n\n\n<p>Como servidor p\u00fablico federal e presidente da Central dos Trabalhadores e Trabalhadoras do Brasil (CTB) no DF, reafirmo meu compromisso de luta por um pa\u00eds mais justo e igualit\u00e1rio!<\/p>\n\n\n\n<p>Trabalhadores, a nossa luta \u00e9 urgente!<br>Contem comigo!<\/p>\n\n\n\n<p><strong>Flauzino Antunes<\/strong> &#8211; Presidente da Central dos Trabalhadores e Trabalhadoras do Brasil (CTB-DF), economista, servidor do Minist\u00e9rio da Agricultura, Pecu\u00e1ria e Abastecimento (Mapa), educador financeiro e analista econ\u00f4mico. Foi professor universit\u00e1rio de Economia, conselheiro do Conselho Regional de Economia do DF (Corecon-DF) e presidente do Sindicato dos Economistas do DF (Sindecon-DF).<\/p>\n","protected":false},"excerpt":{"rendered":"<p>Diante da alta do desemprego, perdas salariais, aumento da infla\u00e7\u00e3o e do custo de vida, e tantas outras amea\u00e7as e retrocessos, infelizmente, n\u00e3o temos o que comemorar. Com a pandemia, vimos a situa\u00e7\u00e3o dos trabalhadores se agravar ainda mais com o fechamento de empresas e postos de trabalho. Muitos se utilizaram desta e tantas outras [&hellip;]<\/p>\n","protected":false},"author":1,"featured_media":0,"comment_status":"open","ping_status":"open","sticky":false,"template":"","format":"standard","meta":{"footnotes":""},"categories":[],"tags":[],"class_list":["post-5599","post","type-post","status-publish","format-standard","hentry"],"_links":{"self":[{"href":"https:\/\/aguaslindasnoticias.com.br\/index.php\/wp-json\/wp\/v2\/posts\/5599","targetHints":{"allow":["GET"]}}],"collection":[{"href":"https:\/\/aguaslindasnoticias.com.br\/index.php\/wp-json\/wp\/v2\/posts"}],"about":[{"href":"https:\/\/aguaslindasnoticias.com.br\/index.php\/wp-json\/wp\/v2\/types\/post"}],"author":[{"embeddable":true,"href":"https:\/\/aguaslindasnoticias.com.br\/index.php\/wp-json\/wp\/v2\/users\/1"}],"replies":[{"embeddable":true,"href":"https:\/\/aguaslindasnoticias.com.br\/index.php\/wp-json\/wp\/v2\/comments?post=5599"}],"version-history":[{"count":0,"href":"https:\/\/aguaslindasnoticias.com.br\/index.php\/wp-json\/wp\/v2\/posts\/5599\/revisions"}],"wp:attachment":[{"href":"https:\/\/aguaslindasnoticias.com.br\/index.php\/wp-json\/wp\/v2\/media?parent=5599"}],"wp:term":[{"taxonomy":"category","embeddable":true,"href":"https:\/\/aguaslindasnoticias.com.br\/index.php\/wp-json\/wp\/v2\/categories?post=5599"},{"taxonomy":"post_tag","embeddable":true,"href":"https:\/\/aguaslindasnoticias.com.br\/index.php\/wp-json\/wp\/v2\/tags?post=5599"}],"curies":[{"name":"wp","href":"https:\/\/api.w.org\/{rel}","templated":true}]}}