{"id":5598,"date":"2023-01-04T10:14:01","date_gmt":"2023-01-04T13:14:01","guid":{"rendered":"https:\/\/aguaslindasnoticias.com.br\/index.php\/2023\/01\/04\/jaqueline-silva-comemora-aniversario-em-culto-ecumenico\/"},"modified":"2023-01-04T10:14:01","modified_gmt":"2023-01-04T13:14:01","slug":"jaqueline-silva-comemora-aniversario-em-culto-ecumenico","status":"publish","type":"post","link":"https:\/\/aguaslindasnoticias.com.br\/index.php\/2023\/01\/04\/jaqueline-silva-comemora-aniversario-em-culto-ecumenico\/","title":{"rendered":"Jaqueline Silva comemora anivers\u00e1rio em culto ecum\u00eanico"},"content":{"rendered":"\n<figure class=\"wp-block-image size-large\"><img decoding=\"async\" src=\"http:\/\/claricegulyas.com.br\/wp-content\/uploads\/2022\/04\/WhatsApp-Image-2022-04-22-at-17.27.36-1024x682.jpeg\" alt=\"\" class=\"wp-image-10079\"\/><\/figure>\n\n\n\n<p>Em uma noite com familiares, amigos e autoridades presentes, a deputada distrital Jaqueline Silva comemorou a chegada dos seus 42 anos em um culto ecum\u00eanico realizado na \u00faltima quarta-feira (20\/04) na Par\u00f3quia S\u00e3o Jos\u00e9, em Santa Maria.<\/p>\n\n\n\n<p>O evento contou com a presen\u00e7a de cerca de 250 pessoas, que encheram a igreja para celebrar o anivers\u00e1rio da parlamentar. A cerim\u00f4nia foi conduzida pelos padres Lucas Tadeu e Kat\u00ea e os pastores Osmar Oliveira e Rafael Oliveira. Nas cadeiras, as autoridades presentes foram os amigos da aniversariante: secret\u00e1rio Jesu\u00edno Pereira, administradora Marileide Rom\u00e3o, delegada Cl\u00e1udia Aparecida e tenente coronel do 26\u00ba BPM, Carlos Pereira.<\/p>\n\n\n\n<p>Em meio \u00e0s homenagens prestadas, m\u00e3es e moradores da cidade parabenizaram e agradeceram Jaqueline Silva por suas a\u00e7\u00f5es, em especial na educa\u00e7\u00e3o, que fizeram os programas Cart\u00e3o Material Escolar e Cart\u00e3o Creche virarem leis e, hoje, uma pol\u00edtica de estado. Com muitas l\u00e1grimas, a distrital agradeceu \u00e0s ora\u00e7\u00f5es e palavras ouvidas na noite e afirmou que escolheu comemorar mais um ano de vida atrav\u00e9s de um culto religioso: \u201cSeria f\u00e1cil reunir centenas de pessoas em uma festa com bebida, mas essa \u00e9 a maneira que Deus me direcionou para ter ao meu lado somente os amigos com quem sei que posso contar\u201d.<\/p>\n","protected":false},"excerpt":{"rendered":"<p>Em uma noite com familiares, amigos e autoridades presentes, a deputada distrital Jaqueline Silva comemorou a chegada dos seus 42 anos em um culto ecum\u00eanico realizado na \u00faltima quarta-feira (20\/04) na Par\u00f3quia S\u00e3o Jos\u00e9, em Santa Maria. O evento contou com a presen\u00e7a de cerca de 250 pessoas, que encheram a igreja para celebrar o [&hellip;]<\/p>\n","protected":false},"author":1,"featured_media":0,"comment_status":"open","ping_status":"open","sticky":false,"template":"","format":"standard","meta":{"footnotes":""},"categories":[],"tags":[],"class_list":["post-5598","post","type-post","status-publish","format-standard","hentry"],"_links":{"self":[{"href":"https:\/\/aguaslindasnoticias.com.br\/index.php\/wp-json\/wp\/v2\/posts\/5598","targetHints":{"allow":["GET"]}}],"collection":[{"href":"https:\/\/aguaslindasnoticias.com.br\/index.php\/wp-json\/wp\/v2\/posts"}],"about":[{"href":"https:\/\/aguaslindasnoticias.com.br\/index.php\/wp-json\/wp\/v2\/types\/post"}],"author":[{"embeddable":true,"href":"https:\/\/aguaslindasnoticias.com.br\/index.php\/wp-json\/wp\/v2\/users\/1"}],"replies":[{"embeddable":true,"href":"https:\/\/aguaslindasnoticias.com.br\/index.php\/wp-json\/wp\/v2\/comments?post=5598"}],"version-history":[{"count":0,"href":"https:\/\/aguaslindasnoticias.com.br\/index.php\/wp-json\/wp\/v2\/posts\/5598\/revisions"}],"wp:attachment":[{"href":"https:\/\/aguaslindasnoticias.com.br\/index.php\/wp-json\/wp\/v2\/media?parent=5598"}],"wp:term":[{"taxonomy":"category","embeddable":true,"href":"https:\/\/aguaslindasnoticias.com.br\/index.php\/wp-json\/wp\/v2\/categories?post=5598"},{"taxonomy":"post_tag","embeddable":true,"href":"https:\/\/aguaslindasnoticias.com.br\/index.php\/wp-json\/wp\/v2\/tags?post=5598"}],"curies":[{"name":"wp","href":"https:\/\/api.w.org\/{rel}","templated":true}]}}