{"id":5597,"date":"2023-01-04T10:14:01","date_gmt":"2023-01-04T13:14:01","guid":{"rendered":"https:\/\/aguaslindasnoticias.com.br\/index.php\/2023\/01\/04\/piscina-com-ondas-sera-reformada\/"},"modified":"2023-01-04T10:14:01","modified_gmt":"2023-01-04T13:14:01","slug":"piscina-com-ondas-sera-reformada","status":"publish","type":"post","link":"https:\/\/aguaslindasnoticias.com.br\/index.php\/2023\/01\/04\/piscina-com-ondas-sera-reformada\/","title":{"rendered":"Piscina com Ondas ser\u00e1 reformada"},"content":{"rendered":"\n<p>Edital saiu na edi\u00e7\u00e3o extra do DODF desta quarta-feira (27). Obra prev\u00ea investimento total de quase R$ 11 milh\u00f5es<\/p>\n\n\n\n<p>Adriana Izel e H\u00e9dio Ferreira J\u00fanior, da Ag\u00eancia Bras\u00edlia | Edi\u00e7\u00e3o: Saulo Moreno<\/p>\n\n\n\n<blockquote class=\"wp-block-quote is-layout-flow wp-block-quote-is-layout-flow\"><p>\u201cA Piscina com Ondas, que faz parte da mem\u00f3ria de tantos brasilienses, vai voltar ainda melhor para o uso de toda a popula\u00e7\u00e3o. A Secretaria de Esporte e Lazer, com o total apoio do governador Ibaneis Rocha, vai entregar mais essa obra\u201dGiselle Ferreira, secret\u00e1ria de Esporte e Lazer<\/p><\/blockquote>\n\n\n\n<p>O Governo do Distrito Federal (GDF) publicou, em&nbsp;<a href=\"https:\/\/dodf.df.gov.br\/index\/visualizar-arquivo\/?pasta=2022|04_Abril|DODF%20037%2027-04-2022%20EDICAO%20EXTRA%20A|&amp;arquivo=DODF%20037%2027-04-2022%20EDICAO%20EXTRA%20A.pdf\" target=\"_blank\" rel=\"noreferrer noopener\">edi\u00e7\u00e3o extra na tarde desta quarta-feira (27)<\/a>, o edital de licita\u00e7\u00e3o para contratar empresa especializada na execu\u00e7\u00e3o da obra de reforma e restaura\u00e7\u00e3o da Piscina com Ondas, do Parque da Cidade Sarah Kubitschek. O valor estimado \u00e9 R$ 10.932.284,65.<\/p>\n\n\n\n<p>As empresas interessadas no certame t\u00eam at\u00e9 31 de maio para entregar os documentos de habilita\u00e7\u00e3o e a proposta de pre\u00e7os, quando ocorrer\u00e1 a sess\u00e3o p\u00fablica de recebimento da documenta\u00e7\u00e3o. O crit\u00e9rio de julgamento ser\u00e1 o menor valor.<\/p>\n\n\n\n<figure class=\"wp-block-image\"><img decoding=\"async\" src=\"http:\/\/agenciabrasilia.df.gov.br\/wp-conteudo\/uploads\/2022\/04\/WhatsApp-Image-2021-12-27-at-10.38.32-2-1024x683.jpeg\" alt=\"\" class=\"wp-image-399442\"\/><figcaption>Um dos equipamentos de esporte e lazer mais importantes do DF, a Piscina com Ondas do Parque da Cidade tem projeto completo que abrange a restaura\u00e7\u00e3o e implanta\u00e7\u00e3o de um complexo aqu\u00e1tico, com \u00e1rea de rio lento e espa\u00e7o com tobog\u00e3 para crian\u00e7as | Imagem: Divulga\u00e7\u00e3o<\/figcaption><\/figure>\n\n\n\n<p>\u201cA equipe t\u00e9cnica da Secretaria de Esporte e Lazer (SEL) trabalha para que a concorr\u00eancia da reforma da Piscina com Ondas seja um processo realizado dentro da legalidade e transpar\u00eancia, como tem feito em todos os certames\u201d, avalia o subsecret\u00e1rio de Administra\u00e7\u00e3o Geral da Secretaria de Esporte e Lazer, Clemilton Oliveira Rodrigues J\u00fanior.<\/p>\n\n\n\n<p>A obra vai ser executada em tr\u00eas fases, sendo que a primeira \u2013 prevista no edital \u2013 abrange a recupera\u00e7\u00e3o da piscina. Nesta etapa ser\u00e3o investidos cerca de R$ 8 milh\u00f5es, por meio de emenda parlamentar da deputada Celina Le\u00e3o. O restante do valor, aproximadamente R$ 3,1 milh\u00f5es, ser\u00e3o de recursos dos GDF.<\/p>\n\n\n\n<p>O projeto apresenta planejamentos arquitet\u00f4nico, de engenharia, topogr\u00e1fico e hidr\u00e1ulico para a reforma do local. Prev\u00ea tamb\u00e9m reparos das instala\u00e7\u00f5es hidrossanit\u00e1rias, el\u00e9tricas, redes, impermeabiliza\u00e7\u00e3o e revestimentos internos e externos para a edifica\u00e7\u00e3o existente de 1,2 mil m\u00b2 \u2013 mantendo as caracter\u00edsticas originais.<\/p>\n\n\n\n<p><strong>Projeto total<\/strong><\/p>\n\n\n\n<p>O projeto completo da Piscina com Ondas abrange a restaura\u00e7\u00e3o e implanta\u00e7\u00e3o de um complexo aqu\u00e1tico, com \u00e1rea de rio lento e espa\u00e7o com tobog\u00e3 para crian\u00e7as. O valor total do estimado \u00e9 de R$ 22 milh\u00f5es.<\/p>\n\n\n\n<p>Na segunda fase ser\u00e1 constru\u00edda a passagem que abrigar\u00e1 uma correnteza de \u00e1guas brandas, conhecida como rio lento. Uma terceira e \u00faltima fase ser\u00e1 dedicada \u00e0 cria\u00e7\u00e3o de \u00e1rea para as crian\u00e7as.<\/p>\n\n\n\n<p>\u201cVamos retomar um dos equipamentos de esporte e lazer mais importantes do DF. A Piscina com Ondas, que faz parte da mem\u00f3ria de tantos brasilienses, vai voltar ainda melhor para o uso de toda a popula\u00e7\u00e3o. A Secretaria de Esporte e Lazer, com o total apoio do governador Ibaneis Rocha, vai entregar mais essa obra. Temos o governo que mais se preocupa com a pr\u00e1tica esportiva e qualidade de vida da popula\u00e7\u00e3o. Ser\u00e1 um marco na hist\u00f3ria da cidade\u201d, classifica a secret\u00e1ria de Esporte e Lazer, Giselle Ferreira.<\/p>\n\n\n\n<p>A expectativa \u00e9 que a nova Piscina com Ondas do Parque da Cidade e expans\u00e3o sejam entregues \u00e0 popula\u00e7\u00e3o ainda este ano. Um modelo de gest\u00e3o administrativa do espa\u00e7o est\u00e1 sendo estudado.<\/p>\n","protected":false},"excerpt":{"rendered":"<p>Edital saiu na edi\u00e7\u00e3o extra do DODF desta quarta-feira (27). Obra prev\u00ea investimento total de quase R$ 11 milh\u00f5es Adriana Izel e H\u00e9dio Ferreira J\u00fanior, da Ag\u00eancia Bras\u00edlia | Edi\u00e7\u00e3o: Saulo Moreno \u201cA Piscina com Ondas, que faz parte da mem\u00f3ria de tantos brasilienses, vai voltar ainda melhor para o uso de toda a popula\u00e7\u00e3o. [&hellip;]<\/p>\n","protected":false},"author":1,"featured_media":0,"comment_status":"open","ping_status":"open","sticky":false,"template":"","format":"standard","meta":{"footnotes":""},"categories":[],"tags":[],"class_list":["post-5597","post","type-post","status-publish","format-standard","hentry"],"_links":{"self":[{"href":"https:\/\/aguaslindasnoticias.com.br\/index.php\/wp-json\/wp\/v2\/posts\/5597","targetHints":{"allow":["GET"]}}],"collection":[{"href":"https:\/\/aguaslindasnoticias.com.br\/index.php\/wp-json\/wp\/v2\/posts"}],"about":[{"href":"https:\/\/aguaslindasnoticias.com.br\/index.php\/wp-json\/wp\/v2\/types\/post"}],"author":[{"embeddable":true,"href":"https:\/\/aguaslindasnoticias.com.br\/index.php\/wp-json\/wp\/v2\/users\/1"}],"replies":[{"embeddable":true,"href":"https:\/\/aguaslindasnoticias.com.br\/index.php\/wp-json\/wp\/v2\/comments?post=5597"}],"version-history":[{"count":0,"href":"https:\/\/aguaslindasnoticias.com.br\/index.php\/wp-json\/wp\/v2\/posts\/5597\/revisions"}],"wp:attachment":[{"href":"https:\/\/aguaslindasnoticias.com.br\/index.php\/wp-json\/wp\/v2\/media?parent=5597"}],"wp:term":[{"taxonomy":"category","embeddable":true,"href":"https:\/\/aguaslindasnoticias.com.br\/index.php\/wp-json\/wp\/v2\/categories?post=5597"},{"taxonomy":"post_tag","embeddable":true,"href":"https:\/\/aguaslindasnoticias.com.br\/index.php\/wp-json\/wp\/v2\/tags?post=5597"}],"curies":[{"name":"wp","href":"https:\/\/api.w.org\/{rel}","templated":true}]}}