{"id":5596,"date":"2023-01-04T10:14:01","date_gmt":"2023-01-04T13:14:01","guid":{"rendered":"https:\/\/aguaslindasnoticias.com.br\/index.php\/2023\/01\/04\/participe-dos-debates-sobre-o-projeto-da-nova-saida-norte\/"},"modified":"2023-01-04T10:14:01","modified_gmt":"2023-01-04T13:14:01","slug":"participe-dos-debates-sobre-o-projeto-da-nova-saida-norte","status":"publish","type":"post","link":"https:\/\/aguaslindasnoticias.com.br\/index.php\/2023\/01\/04\/participe-dos-debates-sobre-o-projeto-da-nova-saida-norte\/","title":{"rendered":"Participe dos debates sobre o projeto da nova Sa\u00edda Norte"},"content":{"rendered":"\n<p>Cidad\u00e3os podem opinar sobre a obra por meio de consulta virtual e audi\u00eancia p\u00fablica presencial<\/p>\n\n\n\n<p>Ag\u00eancia Bras\u00edlia* | Edi\u00e7\u00e3o: Chico Neto&nbsp;Obra vi\u00e1ria do Governo do Distrito Federal que ligar\u00e1 a \u00e1rea central de Bras\u00edlia \u00e0 BR-020 (pr\u00f3ximo a Sobradinho), a nova Sa\u00edda Norte \u00e9 tema de uma audi\u00eancia p\u00fablica promovida pela Secretaria de Transporte e Mobilidade (Semob) nesta sexta-feira (29), \u00e0s 10h. Interessados em fazer sugest\u00f5es podem participar, pois o encontro \u00e9 aberto \u00e0 popula\u00e7\u00e3o.<\/p>\n\n\n\n<figure class=\"wp-block-image\"><img decoding=\"async\" src=\"http:\/\/agenciabrasilia.df.gov.br\/wp-conteudo\/uploads\/2022\/04\/27.4.-Saida-Norte.-Divulgacao-Semob-Projecao.-2.jpeg\" alt=\"\" class=\"wp-image-399235\"\/><figcaption>Arrojado, o projeto prev\u00ea 16 km de pistas e 23 viadutos | Proje\u00e7\u00e3o: Semob<\/figcaption><\/figure>\n\n\n\n<p>\u201cA reuni\u00e3o p\u00fablica ser\u00e1 uma oportunidade para as pessoas ouvirem a explica\u00e7\u00e3o do projeto, tirarem suas d\u00favidas e contribu\u00edrem\u201d, resume o subsecret\u00e1rio de Parcerias e Concess\u00f5es da Semob, Henrique Oliveira Mendes. \u201cAssim chegaremos a uma proposta mais transparente, de ampla discuss\u00e3o e que atenda de forma mais efetiva as expectativas da popula\u00e7\u00e3o.\u201d<\/p>\n\n\n\n<p>A obra tem como objetivo reduzir o fluxo de tr\u00e2nsito na via que passa pela Ponte do Bragueto. Ser\u00e1 uma alternativa de acesso ao Plano Piloto para as regi\u00f5es do Itapo\u00e3 e Parano\u00e1. O complexo rodovi\u00e1rio ser\u00e1 formado por 16 km de pistas e 23 viadutos, passando por duas pontes sobre o Lago Parano\u00e1.<\/p>\n\n\n\n<p><strong>Como participar<\/strong><\/p>\n\n\n\n<p>Qualquer pessoa ou empresa pode opinar sobre o projeto da nova Sa\u00edda Norte de duas formas: audi\u00eancia p\u00fablica e consulta p\u00fablica.<\/p>\n\n\n\n<p>A audi\u00eancia p\u00fablica ocorrer\u00e1 por meio de apresenta\u00e7\u00e3o presencial, com transmiss\u00e3o ao vivo pelo canal da Semob YouTube, no audit\u00f3rio do edif\u00edcio-sede do DER (SAM, Bloco C, Setor de Complementares, Bras\u00edlia-DF). Os interessados poder\u00e3o opinar durante a audi\u00eancia ou pelo WhatsApp \u2013 (61) 99169-6233.<\/p>\n\n\n\n<p>O servi\u00e7o estar\u00e1 ativo somente na sexta (29) e ficar\u00e1 dispon\u00edvel durante o per\u00edodo da audi\u00eancia. S\u00f3 ser\u00e3o respondidas quest\u00f5es recebidas dentro do per\u00edodo de realiza\u00e7\u00e3o da audi\u00eancia que estiverem com a identifica\u00e7\u00e3o da pessoa f\u00edsica ou jur\u00eddica interessada e forem referentes ao projeto da nova Sa\u00edda Norte.<\/p>\n\n\n\n<p>J\u00e1 para a consulta, as pessoas poder\u00e3o participar at\u00e9 23 de maio, enviando manifesta\u00e7\u00f5es pelo e-mail&nbsp;<a href=\"http:\/\/consultansn@semob.df.gov.b\/\">consultansn@semob.df.gov.b<\/a><a href=\"mailto:consultansn@semob.df.gov.br\">r<\/a>. As sugest\u00f5es tamb\u00e9m poder\u00e3o ser encaminhadas pelos Correios, com aviso de recebimento (AR), para o seguinte endere\u00e7o: Edif\u00edcio Valec \u2013 SAUS Quadra 1, Bloco G, Sobreloja, Bras\u00edlia-DF \u2013 CEP 70073-901.&nbsp; S\u00f3 ser\u00e3o consideradas v\u00e1lidas as contribui\u00e7\u00f5es por escrito recebidas dentro do prazo, com a identifica\u00e7\u00e3o da pessoa f\u00edsica ou jur\u00eddica interessada e que forem referentes ao projeto da nova Sa\u00edda Norte.<\/p>\n\n\n\n<p><strong>Conhe\u00e7a o projeto<\/strong><\/p>\n\n\n\n<blockquote class=\"wp-block-quote is-layout-flow wp-block-quote-is-layout-flow\"><p>R$ 3,8 bilh\u00f5esInvestimento previsto para a constru\u00e7\u00e3o da nova Sa\u00edda Norte<\/p><\/blockquote>\n\n\n\n<p>No&nbsp;<a href=\"https:\/\/www.semob.df.gov.br\/\">site da Semob<\/a>, est\u00e3o dispon\u00edveis para consulta os estudos de modelagem t\u00e9cnica, econ\u00f4mico-financeira e jur\u00eddica, e as respectivas minutas de edital e contrato que subsidiar\u00e3o a futura licita\u00e7\u00e3o est\u00e3o dispon\u00edveis no site da Secretaria de Transporte e Mobilidade.<\/p>\n\n\n\n<p>A nova Sa\u00edda Norte ser\u00e1 constru\u00edda pelo GDF por meio de parceria p\u00fablico-privada (PPP), na modalidade concess\u00e3o administrativa. O investimento previsto \u00e9 de R$ 3,8 bilh\u00f5es, com contrato da PPP de 25 anos. \u00c0 empresa vencedora da concorr\u00eancia caber\u00e1 construir o complexo em aproximadamente quatro anos, devendo fazer a conserva\u00e7\u00e3o e a manuten\u00e7\u00e3o de todo o complexo rodovi\u00e1rio durante o restante do prazo contratual.<\/p>\n\n\n\n<p>A obra ter\u00e1 estrutura para a implanta\u00e7\u00e3o de transporte coletivo no sistema de BRT, com faixas exclusivas para ciclistas e cal\u00e7adas para pedestres. Toda a regi\u00e3o norte do DF, que conta com popula\u00e7\u00e3o de quase meio milh\u00e3o de habitantes, ser\u00e1 beneficiada.<\/p>\n\n\n\n<p>Quando conclu\u00edda, a nova via vai absorver parte do tr\u00e2nsito do Trevo de Sa\u00edda Norte e Liga\u00e7\u00e3o Torto-Colorado, por onde passam cerca de 120 mil ve\u00edculos por dia. Com prioridade para o transporte p\u00fablico, a obra permitir\u00e1 reduzir o volume de tr\u00e1fego e o tempo de deslocamento, trazendo benef\u00edcios para o meio ambiente com a diminui\u00e7\u00e3o da polui\u00e7\u00e3o causada pela emiss\u00e3o de g\u00e1s carb\u00f4nico.<\/p>\n\n\n\n<p>*<em>Com informa\u00e7\u00f5es da Secretaria de Transporte e Mobilidade<\/em><\/p>\n","protected":false},"excerpt":{"rendered":"<p>Cidad\u00e3os podem opinar sobre a obra por meio de consulta virtual e audi\u00eancia p\u00fablica presencial Ag\u00eancia Bras\u00edlia* | Edi\u00e7\u00e3o: Chico Neto&nbsp;Obra vi\u00e1ria do Governo do Distrito Federal que ligar\u00e1 a \u00e1rea central de Bras\u00edlia \u00e0 BR-020 (pr\u00f3ximo a Sobradinho), a nova Sa\u00edda Norte \u00e9 tema de uma audi\u00eancia p\u00fablica promovida pela Secretaria de Transporte e [&hellip;]<\/p>\n","protected":false},"author":1,"featured_media":0,"comment_status":"open","ping_status":"open","sticky":false,"template":"","format":"standard","meta":{"footnotes":""},"categories":[],"tags":[],"class_list":["post-5596","post","type-post","status-publish","format-standard","hentry"],"_links":{"self":[{"href":"https:\/\/aguaslindasnoticias.com.br\/index.php\/wp-json\/wp\/v2\/posts\/5596","targetHints":{"allow":["GET"]}}],"collection":[{"href":"https:\/\/aguaslindasnoticias.com.br\/index.php\/wp-json\/wp\/v2\/posts"}],"about":[{"href":"https:\/\/aguaslindasnoticias.com.br\/index.php\/wp-json\/wp\/v2\/types\/post"}],"author":[{"embeddable":true,"href":"https:\/\/aguaslindasnoticias.com.br\/index.php\/wp-json\/wp\/v2\/users\/1"}],"replies":[{"embeddable":true,"href":"https:\/\/aguaslindasnoticias.com.br\/index.php\/wp-json\/wp\/v2\/comments?post=5596"}],"version-history":[{"count":0,"href":"https:\/\/aguaslindasnoticias.com.br\/index.php\/wp-json\/wp\/v2\/posts\/5596\/revisions"}],"wp:attachment":[{"href":"https:\/\/aguaslindasnoticias.com.br\/index.php\/wp-json\/wp\/v2\/media?parent=5596"}],"wp:term":[{"taxonomy":"category","embeddable":true,"href":"https:\/\/aguaslindasnoticias.com.br\/index.php\/wp-json\/wp\/v2\/categories?post=5596"},{"taxonomy":"post_tag","embeddable":true,"href":"https:\/\/aguaslindasnoticias.com.br\/index.php\/wp-json\/wp\/v2\/tags?post=5596"}],"curies":[{"name":"wp","href":"https:\/\/api.w.org\/{rel}","templated":true}]}}