{"id":5592,"date":"2023-01-04T10:14:01","date_gmt":"2023-01-04T13:14:01","guid":{"rendered":"https:\/\/aguaslindasnoticias.com.br\/index.php\/2023\/01\/04\/passarela-do-metro-e-a-proxima-a-ser-liberada-no-tunel-de-taguatinga\/"},"modified":"2023-01-04T10:14:01","modified_gmt":"2023-01-04T13:14:01","slug":"passarela-do-metro-e-a-proxima-a-ser-liberada-no-tunel-de-taguatinga","status":"publish","type":"post","link":"https:\/\/aguaslindasnoticias.com.br\/index.php\/2023\/01\/04\/passarela-do-metro-e-a-proxima-a-ser-liberada-no-tunel-de-taguatinga\/","title":{"rendered":"Passarela do metr\u00f4 \u00e9 a pr\u00f3xima a ser liberada no T\u00fanel de Taguatinga"},"content":{"rendered":"\n<p>Travessia subterr\u00e2nea foi demolida e reconstru\u00edda; tapumes que cercavam a constru\u00e7\u00e3o come\u00e7aram a ser retirados e o cruzamento da Avenida Comercial tamb\u00e9m j\u00e1 est\u00e1 liberado<\/p>\n\n\n\n<p>H\u00e9dio Ferreira J\u00fanior, da Ag\u00eancia Bras\u00edlia | Edi\u00e7\u00e3o: Saulo Moreno&nbsp;A passarela subterr\u00e2nea que liga a Esta\u00e7\u00e3o Pra\u00e7a do Rel\u00f3gio, do lado norte da Avenida Central, ao lado sul da via, \u00e9 a pr\u00f3xima travessia a ser liberada dentro da grande obra de constru\u00e7\u00e3o do T\u00fanel de Taguatinga. A passagem foi demolida em mar\u00e7o de 2021 e ganha roupagem mais moderna e com maior acessibilidade.<\/p>\n\n\n\n<figure class=\"wp-block-image\"><img decoding=\"async\" src=\"http:\/\/agenciabrasilia.df.gov.br\/wp-conteudo\/uploads\/2022\/04\/WhatsApp-Image-2022-04-24-at-17.29.02.jpeg\" alt=\"\" class=\"wp-image-398472\"\/><figcaption>Em fase de cura, a t\u00e9cnica de constru\u00e7\u00e3o para evitar fissuras e trincas do concreto, a nova passagem subterr\u00e2nea vai entrar na fase dos acabamentos finais para sua libera\u00e7\u00e3o ao p\u00fablico | Fotos: Divulga\u00e7\u00e3o<\/figcaption><\/figure>\n\n\n\n<p>Nesta segunda-feira (25), se inicia o processo de limpeza do contrapiso interno da passarela. J\u00e1 nos pr\u00f3ximos dias, a equipe de engenheiros respons\u00e1vel pela execu\u00e7\u00e3o e acompanhamento das obras de constru\u00e7\u00e3o do T\u00fanel de Taguatinga define a data prevista de libera\u00e7\u00e3o da nova passagem subterr\u00e2nea do metr\u00f4.<\/p>\n\n\n\n<blockquote class=\"wp-block-quote is-layout-flow wp-block-quote-is-layout-flow\"><p>\u201cQuanto mais pudermos fazer para melhorar a vida do cidad\u00e3o que circula por ali, sem comprometer o andamento da constru\u00e7\u00e3o, at\u00e9 a sua finaliza\u00e7\u00e3o, n\u00f3s faremos\u201dRicardo Simpl\u00edcio, coordenador t\u00e9cnico de supervis\u00e3o do T\u00fanel de Taguatinga<\/p><\/blockquote>\n\n\n\n<p>\u201cQuem passa aqui na porta n\u00e3o tem a no\u00e7\u00e3o de que temos aqui dentro, 400 pessoas trabalhando todos os dias, cerca de 50 equipamentos e o empenho para entregar a obra dentro do cronograma previsto\u201d, afirma o secret\u00e1rio de Obras Luciano Carvalho.<\/p>\n\n\n\n<p>Diferente da anterior, que havia sido constru\u00edda rente ao solo, a nova passarela est\u00e1 suspensa sobre a laje do t\u00fanel. A estrutura de concreto de ponta a ponta da travessia est\u00e1 praticamente pronta e o piso da rampa de acesso \u00e0 sa\u00edda sul j\u00e1 est\u00e1 concretado. Assim que o concreto for curado, inicia-se a fase final de acabamento da passarela.<\/p>\n\n\n\n<p>A cura \u00e9 a t\u00e9cnica de hidrata\u00e7\u00e3o do concreto. Tem como objetivo molh\u00e1-lo para, assim, diminuir os efeitos da evapora\u00e7\u00e3o prematura da \u00e1gua na estrutura concretada. A hidrata\u00e7\u00e3o \u00e9 a rea\u00e7\u00e3o entre cimento e \u00e1gua que d\u00e1 origem \u00e0s caracter\u00edsticas de pega e endurecimento. Isso evita o surgimento de fissuras e trincas.<\/p>\n\n\n\n<p>Coordenador t\u00e9cnico de supervis\u00e3o do T\u00fanel de Taguatinga, Ricardo Simpl\u00edcio ressalta que o prop\u00f3sito \u00e9 reduzir, cada vez mais, os transtornos naturais e decorrentes de uma obra, dando fluidez na mobilidade da popula\u00e7\u00e3o. \u201cQuanto mais pudermos fazer para melhorar a vida do cidad\u00e3o que circula por ali, sem comprometer o andamento da constru\u00e7\u00e3o, at\u00e9 a sua finaliza\u00e7\u00e3o, n\u00f3s faremos\u201d, avisa.<\/p>\n","protected":false},"excerpt":{"rendered":"<p>Travessia subterr\u00e2nea foi demolida e reconstru\u00edda; tapumes que cercavam a constru\u00e7\u00e3o come\u00e7aram a ser retirados e o cruzamento da Avenida Comercial tamb\u00e9m j\u00e1 est\u00e1 liberado H\u00e9dio Ferreira J\u00fanior, da Ag\u00eancia Bras\u00edlia | Edi\u00e7\u00e3o: Saulo Moreno&nbsp;A passarela subterr\u00e2nea que liga a Esta\u00e7\u00e3o Pra\u00e7a do Rel\u00f3gio, do lado norte da Avenida Central, ao lado sul da via, [&hellip;]<\/p>\n","protected":false},"author":1,"featured_media":0,"comment_status":"open","ping_status":"open","sticky":false,"template":"","format":"standard","meta":{"footnotes":""},"categories":[],"tags":[],"class_list":["post-5592","post","type-post","status-publish","format-standard","hentry"],"_links":{"self":[{"href":"https:\/\/aguaslindasnoticias.com.br\/index.php\/wp-json\/wp\/v2\/posts\/5592","targetHints":{"allow":["GET"]}}],"collection":[{"href":"https:\/\/aguaslindasnoticias.com.br\/index.php\/wp-json\/wp\/v2\/posts"}],"about":[{"href":"https:\/\/aguaslindasnoticias.com.br\/index.php\/wp-json\/wp\/v2\/types\/post"}],"author":[{"embeddable":true,"href":"https:\/\/aguaslindasnoticias.com.br\/index.php\/wp-json\/wp\/v2\/users\/1"}],"replies":[{"embeddable":true,"href":"https:\/\/aguaslindasnoticias.com.br\/index.php\/wp-json\/wp\/v2\/comments?post=5592"}],"version-history":[{"count":0,"href":"https:\/\/aguaslindasnoticias.com.br\/index.php\/wp-json\/wp\/v2\/posts\/5592\/revisions"}],"wp:attachment":[{"href":"https:\/\/aguaslindasnoticias.com.br\/index.php\/wp-json\/wp\/v2\/media?parent=5592"}],"wp:term":[{"taxonomy":"category","embeddable":true,"href":"https:\/\/aguaslindasnoticias.com.br\/index.php\/wp-json\/wp\/v2\/categories?post=5592"},{"taxonomy":"post_tag","embeddable":true,"href":"https:\/\/aguaslindasnoticias.com.br\/index.php\/wp-json\/wp\/v2\/tags?post=5592"}],"curies":[{"name":"wp","href":"https:\/\/api.w.org\/{rel}","templated":true}]}}