{"id":5588,"date":"2023-01-04T10:14:01","date_gmt":"2023-01-04T13:14:01","guid":{"rendered":"https:\/\/aguaslindasnoticias.com.br\/index.php\/2023\/01\/04\/parada-livre-para-desembarque-de-onibus-podera-ser-ampliada\/"},"modified":"2023-01-04T10:14:01","modified_gmt":"2023-01-04T13:14:01","slug":"parada-livre-para-desembarque-de-onibus-podera-ser-ampliada","status":"publish","type":"post","link":"https:\/\/aguaslindasnoticias.com.br\/index.php\/2023\/01\/04\/parada-livre-para-desembarque-de-onibus-podera-ser-ampliada\/","title":{"rendered":"Parada livre para desembarque de \u00f4nibus poder\u00e1 ser ampliada"},"content":{"rendered":"\n<p><\/p>\n\n\n\n<p>Foto: Pedro Ventura\/Ag\u00eancia Bras\u00edlia<\/p>\n\n\n\n<figure class=\"wp-block-image size-large\"><img decoding=\"async\" src=\"http:\/\/claricegulyas.com.br\/wp-content\/uploads\/2022\/04\/Sem-t\u00edtulo-2-1024x678.jpg\" alt=\"\" class=\"wp-image-10047\"\/><\/figure>\n\n\n\n<figure class=\"wp-block-image\"><img decoding=\"async\" src=\"https:\/\/www.cl.df.gov.br\/documents\/10162\/25749199\/Sem+t%C3%ADtulo-2.jpg\/62534e87-51a1-5c83-57a5-7df4624e0adc?t=1650407812981\" alt=\"Na justificativa do projeto, o deputado Rafael Prudente alega que a medida \u00e9 necess\u00e1ria \u201cem raz\u00e3o dos altos \u00edndices de viol\u00eancia e criminalidade, pretende dar maior seguran\u00e7a aos usu\u00e1rios do transporte coletivo\"\/><\/figure>\n\n\n\n<p>Na justificativa do projeto, o deputado Rafael Prudente alega que a medida \u00e9 necess\u00e1ria \u201cem raz\u00e3o dos altos \u00edndices de viol\u00eancia e criminalidade, pretende dar maior seguran\u00e7a aos usu\u00e1rios do transporte coletivo&#8221;<\/p>\n\n\n\n<p>O hor\u00e1rio determinado de parada livre para desembarque de passageiro do transporte coletivo poder\u00e1 ser ampliado. Na sess\u00e3o ordin\u00e1ria desta ter\u00e7a-feira (19), a C\u00e2mara Legislativa do Distrito Federal aprovou, em primeiro turno, o projeto de lei n\u00ba 1.997\/2021, do deputado Rafael Prudente (MDB), que altera a Lei 1.871\/1998, que estabeleceu o hor\u00e1rio de parada livre das 23h \u00e0s 6h do dia seguinte. A proposta fixa o hor\u00e1rio de parada livre das 21h \u00e0s 6h.<\/p>\n\n\n\n<p>O texto foi aprovado em primeiro turno com 16 votos favor\u00e1veis e ainda precisa ser analisado em segunda vota\u00e7\u00e3o. Segundo o projeto, os ve\u00edculos do sistema de transporte coletivo do DF ficam obrigados a efetuar a parada livre para desembarque de usu\u00e1rio, no hor\u00e1rio das vinte e uma horas at\u00e9 as seis horas do dia seguinte.<\/p>\n\n\n\n<p>A proposta estabelece ainda que um aviso com a informa\u00e7\u00e3o sobre o hor\u00e1rio da parada livre seja afixado no interior dos \u00f4nibus. Ap\u00f3s a aprova\u00e7\u00e3o da nova Lei, o governo ter\u00e1 um prazo de 90 dias para sua regulamenta\u00e7\u00e3o.<\/p>\n\n\n\n<p><img decoding=\"async\" width=\"432\" src=\"https:\/\/www.cl.df.gov.br\/documents\/10162\/25446170\/2111115CG+%2864%29.jpg\/1497922b-99d3-c1d8-51fa-6bc96e449fdf?t=1643739017983\">Na justificativa do projeto, o deputado Rafael Prudente alega que a medida \u00e9 necess\u00e1ria \u201cem raz\u00e3o dos altos \u00edndices de viol\u00eancia e criminalidade, pretende dar maior seguran\u00e7a aos usu\u00e1rios do transporte coletivo do Distrito Federal\u201d.<\/p>\n\n\n\n<p>\u201cA viol\u00eancia em todo o pa\u00eds aumentou de forma exponencial, trazendo incertezas e medo \u00e0 popula\u00e7\u00e3o que precisa utilizar o transporte. Por \u00f3bvio, o per\u00edodo noturno \u00e9 o mais perigoso e se mostra o mais vulner\u00e1vel para esses usu\u00e1rios que viajam \u00e0 noite\u201d, argumentou o deputado.<\/p>\n\n\n\n<p><strong>Lu\u00eds Cl\u00e1udio Alves &#8211; Ag\u00eancia CLDF<\/strong><\/p>\n","protected":false},"excerpt":{"rendered":"<p>Foto: Pedro Ventura\/Ag\u00eancia Bras\u00edlia Na justificativa do projeto, o deputado Rafael Prudente alega que a medida \u00e9 necess\u00e1ria \u201cem raz\u00e3o dos altos \u00edndices de viol\u00eancia e criminalidade, pretende dar maior seguran\u00e7a aos usu\u00e1rios do transporte coletivo&#8221; O hor\u00e1rio determinado de parada livre para desembarque de passageiro do transporte coletivo poder\u00e1 ser ampliado. Na sess\u00e3o ordin\u00e1ria [&hellip;]<\/p>\n","protected":false},"author":1,"featured_media":0,"comment_status":"open","ping_status":"open","sticky":false,"template":"","format":"standard","meta":{"footnotes":""},"categories":[],"tags":[],"class_list":["post-5588","post","type-post","status-publish","format-standard","hentry"],"_links":{"self":[{"href":"https:\/\/aguaslindasnoticias.com.br\/index.php\/wp-json\/wp\/v2\/posts\/5588","targetHints":{"allow":["GET"]}}],"collection":[{"href":"https:\/\/aguaslindasnoticias.com.br\/index.php\/wp-json\/wp\/v2\/posts"}],"about":[{"href":"https:\/\/aguaslindasnoticias.com.br\/index.php\/wp-json\/wp\/v2\/types\/post"}],"author":[{"embeddable":true,"href":"https:\/\/aguaslindasnoticias.com.br\/index.php\/wp-json\/wp\/v2\/users\/1"}],"replies":[{"embeddable":true,"href":"https:\/\/aguaslindasnoticias.com.br\/index.php\/wp-json\/wp\/v2\/comments?post=5588"}],"version-history":[{"count":0,"href":"https:\/\/aguaslindasnoticias.com.br\/index.php\/wp-json\/wp\/v2\/posts\/5588\/revisions"}],"wp:attachment":[{"href":"https:\/\/aguaslindasnoticias.com.br\/index.php\/wp-json\/wp\/v2\/media?parent=5588"}],"wp:term":[{"taxonomy":"category","embeddable":true,"href":"https:\/\/aguaslindasnoticias.com.br\/index.php\/wp-json\/wp\/v2\/categories?post=5588"},{"taxonomy":"post_tag","embeddable":true,"href":"https:\/\/aguaslindasnoticias.com.br\/index.php\/wp-json\/wp\/v2\/tags?post=5588"}],"curies":[{"name":"wp","href":"https:\/\/api.w.org\/{rel}","templated":true}]}}