{"id":5587,"date":"2023-01-04T10:14:01","date_gmt":"2023-01-04T13:14:01","guid":{"rendered":"https:\/\/aguaslindasnoticias.com.br\/index.php\/2023\/01\/04\/empresa-flagrada-com-trabalho-escravo-podera-ser-cassada-do-cadastro-de-contribuinte\/"},"modified":"2023-01-04T10:14:01","modified_gmt":"2023-01-04T13:14:01","slug":"empresa-flagrada-com-trabalho-escravo-podera-ser-cassada-do-cadastro-de-contribuinte","status":"publish","type":"post","link":"https:\/\/aguaslindasnoticias.com.br\/index.php\/2023\/01\/04\/empresa-flagrada-com-trabalho-escravo-podera-ser-cassada-do-cadastro-de-contribuinte\/","title":{"rendered":"Empresa flagrada com trabalho escravo poder\u00e1 ser cassada do cadastro de contribuinte"},"content":{"rendered":"\n<figure class=\"wp-block-image size-large\"><img decoding=\"async\" src=\"http:\/\/claricegulyas.com.br\/wp-content\/uploads\/2022\/04\/trabalho_escravo_2-1024x613.jpg\" alt=\"\" class=\"wp-image-10044\"\/><\/figure>\n\n\n\n<p>Foto: Divulga\u00e7\u00e3o\/MPT<\/p>\n\n\n\n<figure class=\"wp-block-image\"><img decoding=\"async\" src=\"https:\/\/www.cl.df.gov.br\/documents\/10162\/25630419\/trabalho_escravo_2.jpg\/b52818e1-d35f-4a14-dcb0-cc1c024b9b1f?t=1650407480438\" alt=\"O projeto de Rob\u00e9rio Negreiros busca p\u00f4r fim \u00e0s viola\u00e7\u00f5es de direitos humanos ocorridas em ambiente de trabalho, visando \u00e0 erradica\u00e7\u00e3o do trabalho escravo no \u00e2mbito do Distrito Federal\"\/><\/figure>\n\n\n\n<p>O projeto de Rob\u00e9rio Negreiros busca p\u00f4r fim \u00e0s viola\u00e7\u00f5es de direitos humanos ocorridas em ambiente de trabalho, visando \u00e0 erradica\u00e7\u00e3o do trabalho escravo no \u00e2mbito do Distrito Federal<\/p>\n\n\n\n<p>Os deputados distritais aprovaram na tarde desta ter\u00e7a-feira (19) o projeto de lei n\u00ba 1.703\/2021, do deputado Rob\u00e9rio Negreiros (PSD), que trata da cassa\u00e7\u00e3o da inscri\u00e7\u00e3o no cadastro de contribuintes do ICMS de qualquer empresa que fa\u00e7a uso direto ou indireto de trabalho escravo ou em condi\u00e7\u00f5es an\u00e1logas. Aprovado em primeiro turno com 17 votos favor\u00e1veis, o texto ainda precisa ser analisado em segundo turno.<\/p>\n\n\n\n<p>De acordo com a proposta, a exclus\u00e3o do cadastro de contribuintes ser\u00e1 imposta, al\u00e9m das penas previstas em legisla\u00e7\u00e3o pr\u00f3pria, aos \u201cestabelecimentos que produzirem ou comercializarem produtos em cuja fabrica\u00e7\u00e3o tenha havido, em qualquer de suas etapas de industrializa\u00e7\u00e3o, condutas que configurem redu\u00e7\u00e3o de pessoa a condi\u00e7\u00e3o an\u00e1loga \u00e0 de escravo\u201d.<\/p>\n\n\n\n<p>O texto prev\u00ea ainda que as empresas punidas ficam exclu\u00eddas de todos os programas de benef\u00edcios fiscais do Distrito Federal. Os s\u00f3cios das empresas punidas, pessoas f\u00edsicas ou jur\u00eddicas, em conjunto ou separadamente, estar\u00e3o impedidos de exercerem o mesmo ramo de atividade, mesmo que em estabelecimento distinto daquele, e proibidos de entrarem com pedido de inscri\u00e7\u00e3o de nova empresa, no mesmo ramo de atividade. Estas restri\u00e7\u00f5es prevalecer\u00e3o pelo prazo de 10 (dez) anos, contados da data de cassa\u00e7\u00e3o.&nbsp;<\/p>\n\n\n\n<p>\u201cO presente projeto tem a finalidade principal de p\u00f4r fim \u00e0s viola\u00e7\u00f5es de direitos humanos ocorridas em ambiente de trabalho, visando \u00e0&nbsp;erradica\u00e7\u00e3o do trabalho escravo no \u00e2mbito do Distrito Federal, aumentando o rigor nas puni\u00e7\u00f5es de quem explora trabalhadores em condi\u00e7\u00f5es an\u00e1logas \u00e0 escravid\u00e3o\u201d, argumentou Rob\u00e9rio Negreiros.<\/p>\n\n\n\n<p><strong>Lu\u00eds Cl\u00e1udio Alves &#8211; Ag\u00eancia CLDF<\/strong><\/p>\n","protected":false},"excerpt":{"rendered":"<p>Foto: Divulga\u00e7\u00e3o\/MPT O projeto de Rob\u00e9rio Negreiros busca p\u00f4r fim \u00e0s viola\u00e7\u00f5es de direitos humanos ocorridas em ambiente de trabalho, visando \u00e0 erradica\u00e7\u00e3o do trabalho escravo no \u00e2mbito do Distrito Federal Os deputados distritais aprovaram na tarde desta ter\u00e7a-feira (19) o projeto de lei n\u00ba 1.703\/2021, do deputado Rob\u00e9rio Negreiros (PSD), que trata da cassa\u00e7\u00e3o [&hellip;]<\/p>\n","protected":false},"author":1,"featured_media":0,"comment_status":"open","ping_status":"open","sticky":false,"template":"","format":"standard","meta":{"footnotes":""},"categories":[],"tags":[],"class_list":["post-5587","post","type-post","status-publish","format-standard","hentry"],"_links":{"self":[{"href":"https:\/\/aguaslindasnoticias.com.br\/index.php\/wp-json\/wp\/v2\/posts\/5587","targetHints":{"allow":["GET"]}}],"collection":[{"href":"https:\/\/aguaslindasnoticias.com.br\/index.php\/wp-json\/wp\/v2\/posts"}],"about":[{"href":"https:\/\/aguaslindasnoticias.com.br\/index.php\/wp-json\/wp\/v2\/types\/post"}],"author":[{"embeddable":true,"href":"https:\/\/aguaslindasnoticias.com.br\/index.php\/wp-json\/wp\/v2\/users\/1"}],"replies":[{"embeddable":true,"href":"https:\/\/aguaslindasnoticias.com.br\/index.php\/wp-json\/wp\/v2\/comments?post=5587"}],"version-history":[{"count":0,"href":"https:\/\/aguaslindasnoticias.com.br\/index.php\/wp-json\/wp\/v2\/posts\/5587\/revisions"}],"wp:attachment":[{"href":"https:\/\/aguaslindasnoticias.com.br\/index.php\/wp-json\/wp\/v2\/media?parent=5587"}],"wp:term":[{"taxonomy":"category","embeddable":true,"href":"https:\/\/aguaslindasnoticias.com.br\/index.php\/wp-json\/wp\/v2\/categories?post=5587"},{"taxonomy":"post_tag","embeddable":true,"href":"https:\/\/aguaslindasnoticias.com.br\/index.php\/wp-json\/wp\/v2\/tags?post=5587"}],"curies":[{"name":"wp","href":"https:\/\/api.w.org\/{rel}","templated":true}]}}