{"id":5586,"date":"2023-01-04T10:14:01","date_gmt":"2023-01-04T13:14:01","guid":{"rendered":"https:\/\/aguaslindasnoticias.com.br\/index.php\/2023\/01\/04\/aprovada-a-criacao-da-politica-distrital-de-dados-abertos-e-transparencia-ativa\/"},"modified":"2023-01-04T10:14:01","modified_gmt":"2023-01-04T13:14:01","slug":"aprovada-a-criacao-da-politica-distrital-de-dados-abertos-e-transparencia-ativa","status":"publish","type":"post","link":"https:\/\/aguaslindasnoticias.com.br\/index.php\/2023\/01\/04\/aprovada-a-criacao-da-politica-distrital-de-dados-abertos-e-transparencia-ativa\/","title":{"rendered":"Aprovada a cria\u00e7\u00e3o da Pol\u00edtica Distrital de Dados Abertos e Transpar\u00eancia Ativa"},"content":{"rendered":"\n<p>Foto: Carlos Gandra\/CLDF<\/p>\n\n\n\n<figure class=\"wp-block-image size-large\"><img decoding=\"async\" src=\"http:\/\/claricegulyas.com.br\/wp-content\/uploads\/2022\/04\/221251CG-86.jpg\" alt=\"\" class=\"wp-image-10041\"\/><\/figure>\n\n\n\n<figure class=\"wp-block-image\"><img decoding=\"async\" src=\"https:\/\/www.cl.df.gov.br\/documents\/10162\/25749205\/221251CG+%2886%29.jpg\/89229d51-64e5-e93a-84de-8ea0eede9916?t=1650401618132\" alt=\"Leandro Grass observa que a proposta fortalece o elo democr\u00e1tico entre cidad\u00e3s, cidad\u00e3os e seus representantes na esfera p\u00fablica\"\/><\/figure>\n\n\n\n<p>Leandro Grass observa que a proposta fortalece o elo democr\u00e1tico entre cidad\u00e3s, cidad\u00e3os e seus representantes na esfera p\u00fablica<\/p>\n\n\n\n<p>Os deputados distritais aprovaram na tarde desta ter\u00e7a-feira (19), durante sess\u00e3o ordin\u00e1ria da C\u00e2mara Legislativa do Distrito Federal, o projeto de lei n\u00ba 2.064\/2021, do deputado Leandro Grass (PV), que institui a Pol\u00edtica Distrital de Dados Abertos e Transpar\u00eancia Ativa. O texto foi aprovado em primeiro turno com 16 votos favor\u00e1veis, mas ainda precisa ser analisado em segundo turno.<\/p>\n\n\n\n<p>Segundo o texto aprovado, a nova pol\u00edtica ser\u00e1 \u201cguiada pelo princ\u00edpio da publicidade, enquanto preceito geral, e do sigilo enquanto exce\u00e7\u00e3o\u201d. A Pol\u00edtica engloba \u201cos dados e informa\u00e7\u00f5es n\u00e3o sigilosos do Governo do Distrito Federal, incluindo a administra\u00e7\u00e3o direta, indireta e fundacional, da C\u00e2mara Legislativa do Distrito Federal e do Tribunal de Contas do Distrito Federal, publicados em meio eletr\u00f4nico ou f\u00edsico, bem como aqueles relativos a entidades de natureza privada, com ou sem fins lucrativos, que recebam recursos p\u00fablicos diretamente do or\u00e7amento ou mediante subven\u00e7\u00f5es sociais, contrato de gest\u00e3o, termo de parceria, conv\u00eanios, acordo, ajustes ou outros instrumentos cong\u00eaneres\u201d.<\/p>\n\n\n\n<p>Leandro Grass explicou que a proposta foi inspirada no projeto de lei 428\/2021, da vereadora Cris Monteiro, da C\u00e2mara Municipal de S\u00e3o Paulo (SP). \u201cEste Projeto de Lei tem como objetivo principal ampliar e fomentar a transpar\u00eancia no Distrito Federal e, em consequ\u00eancia, fortalecer o elo democr\u00e1tico entre cidad\u00e3s, cidad\u00e3os e seus representantes na esfera p\u00fablica\u201d, justificou.&nbsp;<\/p>\n\n\n\n<p><strong>Lu\u00eds Cl\u00e1udio Alves &#8211; Ag\u00eancia CLDF<\/strong><\/p>\n","protected":false},"excerpt":{"rendered":"<p>Foto: Carlos Gandra\/CLDF Leandro Grass observa que a proposta fortalece o elo democr\u00e1tico entre cidad\u00e3s, cidad\u00e3os e seus representantes na esfera p\u00fablica Os deputados distritais aprovaram na tarde desta ter\u00e7a-feira (19), durante sess\u00e3o ordin\u00e1ria da C\u00e2mara Legislativa do Distrito Federal, o projeto de lei n\u00ba 2.064\/2021, do deputado Leandro Grass (PV), que institui a Pol\u00edtica [&hellip;]<\/p>\n","protected":false},"author":1,"featured_media":0,"comment_status":"open","ping_status":"open","sticky":false,"template":"","format":"standard","meta":{"footnotes":""},"categories":[],"tags":[],"class_list":["post-5586","post","type-post","status-publish","format-standard","hentry"],"_links":{"self":[{"href":"https:\/\/aguaslindasnoticias.com.br\/index.php\/wp-json\/wp\/v2\/posts\/5586","targetHints":{"allow":["GET"]}}],"collection":[{"href":"https:\/\/aguaslindasnoticias.com.br\/index.php\/wp-json\/wp\/v2\/posts"}],"about":[{"href":"https:\/\/aguaslindasnoticias.com.br\/index.php\/wp-json\/wp\/v2\/types\/post"}],"author":[{"embeddable":true,"href":"https:\/\/aguaslindasnoticias.com.br\/index.php\/wp-json\/wp\/v2\/users\/1"}],"replies":[{"embeddable":true,"href":"https:\/\/aguaslindasnoticias.com.br\/index.php\/wp-json\/wp\/v2\/comments?post=5586"}],"version-history":[{"count":0,"href":"https:\/\/aguaslindasnoticias.com.br\/index.php\/wp-json\/wp\/v2\/posts\/5586\/revisions"}],"wp:attachment":[{"href":"https:\/\/aguaslindasnoticias.com.br\/index.php\/wp-json\/wp\/v2\/media?parent=5586"}],"wp:term":[{"taxonomy":"category","embeddable":true,"href":"https:\/\/aguaslindasnoticias.com.br\/index.php\/wp-json\/wp\/v2\/categories?post=5586"},{"taxonomy":"post_tag","embeddable":true,"href":"https:\/\/aguaslindasnoticias.com.br\/index.php\/wp-json\/wp\/v2\/tags?post=5586"}],"curies":[{"name":"wp","href":"https:\/\/api.w.org\/{rel}","templated":true}]}}