{"id":5585,"date":"2023-01-04T10:14:01","date_gmt":"2023-01-04T13:14:01","guid":{"rendered":"https:\/\/aguaslindasnoticias.com.br\/index.php\/2023\/01\/04\/deputados-cobram-mais-atencao-ao-combate-a-grilagem-no-df\/"},"modified":"2023-01-04T10:14:01","modified_gmt":"2023-01-04T13:14:01","slug":"deputados-cobram-mais-atencao-ao-combate-a-grilagem-no-df","status":"publish","type":"post","link":"https:\/\/aguaslindasnoticias.com.br\/index.php\/2023\/01\/04\/deputados-cobram-mais-atencao-ao-combate-a-grilagem-no-df\/","title":{"rendered":"Deputados cobram mais aten\u00e7\u00e3o ao combate \u00e0 grilagem no DF"},"content":{"rendered":"\n<figure class=\"wp-block-image size-large\"><img decoding=\"async\" src=\"http:\/\/claricegulyas.com.br\/wp-content\/uploads\/2022\/04\/arlete-grass.jpg\" alt=\"\" class=\"wp-image-10037\"\/><\/figure>\n\n\n\n<p>Foto: Divulga\u00e7\u00e3o\/CLDF<\/p>\n\n\n\n<figure class=\"wp-block-image\"><img decoding=\"async\" src=\"https:\/\/www.cl.df.gov.br\/documents\/10162\/25749205\/arlete-grass.jpg\/7ce81518-f209-e404-d9b1-3f3fbfe03f73?t=1650402865447\" alt=\"Arlete Sampaio e Leandro Grass alegam que o DF Legal sabe das invas\u00f5es, mas n\u00e3o agem\"\/><\/figure>\n\n\n\n<p>Arlete Sampaio e Leandro Grass alegam que o DF Legal sabe das invas\u00f5es, mas n\u00e3o agem<\/p>\n\n\n\n<p>O tema da grilagem de terras no Distrito Federal foi levantado hoje (19), durante sess\u00e3o ordin\u00e1ria da C\u00e2mara Legislativa, por deputados distritais que cobraram mais empenho do governo para coibir a usurpa\u00e7\u00e3o de terra p\u00fablica no DF. Leandro Grass (PV) apontou o caso do polo de cinema de Sobradinho, que estaria abandonado e sendo amea\u00e7ado por grileiros. \u201cO governo sabe, o DF Legal sabe, as for\u00e7as de seguran\u00e7a sabem, mas nada acontece\u201d, reclamou.<\/p>\n\n\n\n<p>O distrital aproveitou para criticar o governo por prometer regulariza\u00e7\u00f5es em Vila Nova e Nova Colina, \u201conde as mesmas promessas foram feitas nas elei\u00e7\u00f5es passadas\u201d.<\/p>\n\n\n\n<p>A deputada Arlete Sampaio (PT) tamb\u00e9m criticou a grilagem em \u00e1reas verdes que abrigam recursos h\u00eddricos. \u201cO que estamos vendo em Bras\u00edlia hoje \u00e9 uma rede absurda de grilagem de terra. Tem grilagem na Serrinha, na regi\u00e3o de Bom Sucesso. Qual \u00e9 o futuro da capital se destruirmos a pouca \u00e1gua que temos?\u201d, observou.<\/p>\n\n\n\n<p>Para Arlete, \u201cO DF Legal \u00e9 competente para retirar o pobre da rua, mas \u00e9 absolutamente conivente com a grilagem de terra dos ricos\u201d.<\/p>\n\n\n\n<p><strong>Eder Wen &#8211; Ag\u00eancia CLDF<\/strong><\/p>\n","protected":false},"excerpt":{"rendered":"<p>Foto: Divulga\u00e7\u00e3o\/CLDF Arlete Sampaio e Leandro Grass alegam que o DF Legal sabe das invas\u00f5es, mas n\u00e3o agem O tema da grilagem de terras no Distrito Federal foi levantado hoje (19), durante sess\u00e3o ordin\u00e1ria da C\u00e2mara Legislativa, por deputados distritais que cobraram mais empenho do governo para coibir a usurpa\u00e7\u00e3o de terra p\u00fablica no DF. [&hellip;]<\/p>\n","protected":false},"author":1,"featured_media":0,"comment_status":"open","ping_status":"open","sticky":false,"template":"","format":"standard","meta":{"footnotes":""},"categories":[],"tags":[],"class_list":["post-5585","post","type-post","status-publish","format-standard","hentry"],"_links":{"self":[{"href":"https:\/\/aguaslindasnoticias.com.br\/index.php\/wp-json\/wp\/v2\/posts\/5585","targetHints":{"allow":["GET"]}}],"collection":[{"href":"https:\/\/aguaslindasnoticias.com.br\/index.php\/wp-json\/wp\/v2\/posts"}],"about":[{"href":"https:\/\/aguaslindasnoticias.com.br\/index.php\/wp-json\/wp\/v2\/types\/post"}],"author":[{"embeddable":true,"href":"https:\/\/aguaslindasnoticias.com.br\/index.php\/wp-json\/wp\/v2\/users\/1"}],"replies":[{"embeddable":true,"href":"https:\/\/aguaslindasnoticias.com.br\/index.php\/wp-json\/wp\/v2\/comments?post=5585"}],"version-history":[{"count":0,"href":"https:\/\/aguaslindasnoticias.com.br\/index.php\/wp-json\/wp\/v2\/posts\/5585\/revisions"}],"wp:attachment":[{"href":"https:\/\/aguaslindasnoticias.com.br\/index.php\/wp-json\/wp\/v2\/media?parent=5585"}],"wp:term":[{"taxonomy":"category","embeddable":true,"href":"https:\/\/aguaslindasnoticias.com.br\/index.php\/wp-json\/wp\/v2\/categories?post=5585"},{"taxonomy":"post_tag","embeddable":true,"href":"https:\/\/aguaslindasnoticias.com.br\/index.php\/wp-json\/wp\/v2\/tags?post=5585"}],"curies":[{"name":"wp","href":"https:\/\/api.w.org\/{rel}","templated":true}]}}