{"id":5584,"date":"2023-01-04T10:14:01","date_gmt":"2023-01-04T13:14:01","guid":{"rendered":"https:\/\/aguaslindasnoticias.com.br\/index.php\/2023\/01\/04\/distritais-derrubam-veto-e-alteram-nome-e-remuneracao-do-cargo-de-tecnico-em-politicas-publicas\/"},"modified":"2023-01-04T10:14:01","modified_gmt":"2023-01-04T13:14:01","slug":"distritais-derrubam-veto-e-alteram-nome-e-remuneracao-do-cargo-de-tecnico-em-politicas-publicas","status":"publish","type":"post","link":"https:\/\/aguaslindasnoticias.com.br\/index.php\/2023\/01\/04\/distritais-derrubam-veto-e-alteram-nome-e-remuneracao-do-cargo-de-tecnico-em-politicas-publicas\/","title":{"rendered":"Distritais derrubam veto e alteram nome e remunera\u00e7\u00e3o do cargo de t\u00e9cnico em Pol\u00edticas P\u00fablicas"},"content":{"rendered":"\n<figure class=\"wp-block-image\"><img decoding=\"async\" src=\"https:\/\/www.cl.df.gov.br\/documents\/10162\/25749205\/221251CG+%28106%29.jpg\/2ff8c92e-a24a-952c-2e87-bb59ba3202fc?t=1650401618386\" alt=\"A atualiza\u00e7\u00e3o do cargo foi inclu\u00edda no texto original (do Executivo) por meio de emenda apresentada pelo deputado Roosevelt Vilela\"\/><\/figure>\n\n\n\n<figure class=\"wp-block-image size-large\"><img decoding=\"async\" src=\"http:\/\/claricegulyas.com.br\/wp-content\/uploads\/2022\/04\/221251CG-106.jpg\" alt=\"\" class=\"wp-image-10033\"\/><\/figure>\n\n\n\n<p>A atualiza\u00e7\u00e3o do cargo foi inclu\u00edda no texto original (do Executivo) por meio de emenda apresentada pelo deputado Roosevelt Vilela<\/p>\n\n\n\n<p>Sob aplausos vindos da galeria do plen\u00e1rio, os deputados distritais derrubaram, nesta ter\u00e7a-feira (19), veto parcial do governador Ibaneis Rocha ao projeto de lei complementar n\u00ba 99\/21. Com isso, o cargo de t\u00e9cnico em Pol\u00edticas P\u00fablicas e Gest\u00e3o Governamental (PPGG) passar\u00e1 a se chamar \u201canalista t\u00e9cnico-assistencial em Pol\u00edticas P\u00fablicas e Gest\u00e3o Governamental\u201d, com atribui\u00e7\u00f5es regulamentadas e tabela de remunera\u00e7\u00e3o atualizada (inclus\u00e3o de duas classes e seis padr\u00f5es).<\/p>\n\n\n\n<p>A atualiza\u00e7\u00e3o do cargo em quest\u00e3o \u2013 prevista no artigo 2\u00ba e anexo \u00fanico do PLC \u2013 foi inclu\u00edda no texto original (do Executivo) por meio de emenda apresentada pelo deputado Roosevelt Vilela (PL).<\/p>\n\n\n\n<p>O distrital argumenta que a lei que criou a carreira PPGG (Lei n\u00ba 5.190\/13) n\u00e3o estabeleceu as atribui\u00e7\u00f5es dos t\u00e9cnicos, os quais realizam as mesmas atividades desempenhadas pelos servidores de cargos de n\u00edvel superior, como os analistas.&nbsp;<\/p>\n\n\n\n<figure class=\"wp-block-image\"><img decoding=\"async\" src=\"https:\/\/www.cl.df.gov.br\/documents\/10162\/25749205\/221251CG+%2875%29.jpg\/56f80d1e-f230-32ae-c47a-556cada93fce?t=1650401617887\" alt=\"\"\/><\/figure>\n\n\n\n<p>\u201cMais uma vez, esta Casa mostra sua import\u00e2ncia, corrigindo distor\u00e7\u00f5es. Valeu a pena a luta dos trabalhadores; est\u00e1 sendo feita justi\u00e7a\u201d, declarou Vilela ap\u00f3s a derrubada do veto.<\/p>\n\n\n\n<p><strong>Denise Caputo &#8211; Ag\u00eancia CLDF<\/strong><\/p>\n","protected":false},"excerpt":{"rendered":"<p>A atualiza\u00e7\u00e3o do cargo foi inclu\u00edda no texto original (do Executivo) por meio de emenda apresentada pelo deputado Roosevelt Vilela Sob aplausos vindos da galeria do plen\u00e1rio, os deputados distritais derrubaram, nesta ter\u00e7a-feira (19), veto parcial do governador Ibaneis Rocha ao projeto de lei complementar n\u00ba 99\/21. Com isso, o cargo de t\u00e9cnico em Pol\u00edticas [&hellip;]<\/p>\n","protected":false},"author":1,"featured_media":0,"comment_status":"open","ping_status":"open","sticky":false,"template":"","format":"standard","meta":{"footnotes":""},"categories":[],"tags":[],"class_list":["post-5584","post","type-post","status-publish","format-standard","hentry"],"_links":{"self":[{"href":"https:\/\/aguaslindasnoticias.com.br\/index.php\/wp-json\/wp\/v2\/posts\/5584","targetHints":{"allow":["GET"]}}],"collection":[{"href":"https:\/\/aguaslindasnoticias.com.br\/index.php\/wp-json\/wp\/v2\/posts"}],"about":[{"href":"https:\/\/aguaslindasnoticias.com.br\/index.php\/wp-json\/wp\/v2\/types\/post"}],"author":[{"embeddable":true,"href":"https:\/\/aguaslindasnoticias.com.br\/index.php\/wp-json\/wp\/v2\/users\/1"}],"replies":[{"embeddable":true,"href":"https:\/\/aguaslindasnoticias.com.br\/index.php\/wp-json\/wp\/v2\/comments?post=5584"}],"version-history":[{"count":0,"href":"https:\/\/aguaslindasnoticias.com.br\/index.php\/wp-json\/wp\/v2\/posts\/5584\/revisions"}],"wp:attachment":[{"href":"https:\/\/aguaslindasnoticias.com.br\/index.php\/wp-json\/wp\/v2\/media?parent=5584"}],"wp:term":[{"taxonomy":"category","embeddable":true,"href":"https:\/\/aguaslindasnoticias.com.br\/index.php\/wp-json\/wp\/v2\/categories?post=5584"},{"taxonomy":"post_tag","embeddable":true,"href":"https:\/\/aguaslindasnoticias.com.br\/index.php\/wp-json\/wp\/v2\/tags?post=5584"}],"curies":[{"name":"wp","href":"https:\/\/api.w.org\/{rel}","templated":true}]}}