{"id":5581,"date":"2023-01-04T10:14:01","date_gmt":"2023-01-04T13:14:01","guid":{"rendered":"https:\/\/aguaslindasnoticias.com.br\/index.php\/2023\/01\/04\/projeto-inclui-procedimento-estetico-entre-as-atribuicoes-do-enfermeiro\/"},"modified":"2023-01-04T10:14:01","modified_gmt":"2023-01-04T13:14:01","slug":"projeto-inclui-procedimento-estetico-entre-as-atribuicoes-do-enfermeiro","status":"publish","type":"post","link":"https:\/\/aguaslindasnoticias.com.br\/index.php\/2023\/01\/04\/projeto-inclui-procedimento-estetico-entre-as-atribuicoes-do-enfermeiro\/","title":{"rendered":"Projeto inclui procedimento est\u00e9tico entre as atribui\u00e7\u00f5es do enfermeiro"},"content":{"rendered":"\n<figure class=\"wp-block-image size-large\"><img decoding=\"async\" src=\"http:\/\/claricegulyas.com.br\/wp-content\/uploads\/2022\/04\/WhatsApp-Image-2022-04-19-at-14.01.37.jpeg\" alt=\"\" class=\"wp-image-10023\"\/><\/figure>\n\n\n\n<p>O Projeto de Lei 706\/22 inclui entre as atribui\u00e7\u00f5es do enfermeiro a realiza\u00e7\u00e3o de procedimentos est\u00e9ticos, ressalvadas atividades em est\u00e9tica m\u00e9dica, nos termos da Lei do Ato M\u00e9dico. O texto em an\u00e1lise na C\u00e2mara dos Deputados insere dispositivo na Lei 7.498\/86, que regulamenta o exerc\u00edcio da enfermagem.<\/p>\n\n\n\n<p>\u201cO projeto visa a suprir evidente v\u00e1cuo legal, ressalvando os procedimentos mais invasivos, que a lei classifica como privativos dos m\u00e9dicos. Mas h\u00e1 vasto leque de procedimentos que poder\u00e3o ser executados com excel\u00eancia pelo enfermeiro\u201d, diz a autora da proposta, deputada Celina Le\u00e3o (PP-DF), ao explicar as mudan\u00e7as.<\/p>\n\n\n\n<p>Tramita\u00e7\u00e3o<br>O projeto tramita em car\u00e1ter conclusivo e ser\u00e1 analisado pelas comiss\u00f5es de Trabalho, de Administra\u00e7\u00e3o e Servi\u00e7o P\u00fablico; de Seguridade Social e Fam\u00edlia; e de Constitui\u00e7\u00e3o e Justi\u00e7a e de Cidadania.<\/p>\n\n\n\n<p>Fonte: Ag\u00eancia C\u00e2mara de Not\u00edcias<\/p>\n","protected":false},"excerpt":{"rendered":"<p>O Projeto de Lei 706\/22 inclui entre as atribui\u00e7\u00f5es do enfermeiro a realiza\u00e7\u00e3o de procedimentos est\u00e9ticos, ressalvadas atividades em est\u00e9tica m\u00e9dica, nos termos da Lei do Ato M\u00e9dico. O texto em an\u00e1lise na C\u00e2mara dos Deputados insere dispositivo na Lei 7.498\/86, que regulamenta o exerc\u00edcio da enfermagem. \u201cO projeto visa a suprir evidente v\u00e1cuo legal, [&hellip;]<\/p>\n","protected":false},"author":1,"featured_media":0,"comment_status":"open","ping_status":"open","sticky":false,"template":"","format":"standard","meta":{"footnotes":""},"categories":[],"tags":[],"class_list":["post-5581","post","type-post","status-publish","format-standard","hentry"],"_links":{"self":[{"href":"https:\/\/aguaslindasnoticias.com.br\/index.php\/wp-json\/wp\/v2\/posts\/5581","targetHints":{"allow":["GET"]}}],"collection":[{"href":"https:\/\/aguaslindasnoticias.com.br\/index.php\/wp-json\/wp\/v2\/posts"}],"about":[{"href":"https:\/\/aguaslindasnoticias.com.br\/index.php\/wp-json\/wp\/v2\/types\/post"}],"author":[{"embeddable":true,"href":"https:\/\/aguaslindasnoticias.com.br\/index.php\/wp-json\/wp\/v2\/users\/1"}],"replies":[{"embeddable":true,"href":"https:\/\/aguaslindasnoticias.com.br\/index.php\/wp-json\/wp\/v2\/comments?post=5581"}],"version-history":[{"count":0,"href":"https:\/\/aguaslindasnoticias.com.br\/index.php\/wp-json\/wp\/v2\/posts\/5581\/revisions"}],"wp:attachment":[{"href":"https:\/\/aguaslindasnoticias.com.br\/index.php\/wp-json\/wp\/v2\/media?parent=5581"}],"wp:term":[{"taxonomy":"category","embeddable":true,"href":"https:\/\/aguaslindasnoticias.com.br\/index.php\/wp-json\/wp\/v2\/categories?post=5581"},{"taxonomy":"post_tag","embeddable":true,"href":"https:\/\/aguaslindasnoticias.com.br\/index.php\/wp-json\/wp\/v2\/tags?post=5581"}],"curies":[{"name":"wp","href":"https:\/\/api.w.org\/{rel}","templated":true}]}}