{"id":5577,"date":"2023-01-04T10:13:54","date_gmt":"2023-01-04T13:13:54","guid":{"rendered":"https:\/\/aguaslindasnoticias.com.br\/index.php\/2023\/01\/04\/na-hora-do-riacho-fundo-passa-a-funcionar-na-administracao-regional\/"},"modified":"2023-01-04T10:13:54","modified_gmt":"2023-01-04T13:13:54","slug":"na-hora-do-riacho-fundo-passa-a-funcionar-na-administracao-regional","status":"publish","type":"post","link":"https:\/\/aguaslindasnoticias.com.br\/index.php\/2023\/01\/04\/na-hora-do-riacho-fundo-passa-a-funcionar-na-administracao-regional\/","title":{"rendered":"Na Hora do Riacho Fundo passa a funcionar na administra\u00e7\u00e3o regional"},"content":{"rendered":"\n<p>Servi\u00e7os ser\u00e3o oferecidos nesse endere\u00e7o durante obras para moderniza\u00e7\u00e3o da unidade<\/p>\n\n\n\n<p>Ag\u00eancia Bras\u00edlia* I Edi\u00e7\u00e3o: D\u00e9bora Cronemberger&nbsp;Os servi\u00e7os do Na Hora de Riacho Fundo come\u00e7aram a ser oferecidos provisoriamente, nesta segunda-feira (18), na administra\u00e7\u00e3o regional da cidade (\u00c1rea Central 03 Lote 06), de segunda a sexta-feira, das 7h30 \u00e0s 19h. A unidade do Na Hora da cidade, localizada no Shopping Riacho Mall, foi fechada na \u00faltima segunda (11) para obras de moderniza\u00e7\u00e3o.<\/p>\n\n\n\n<figure class=\"wp-block-image\"><img decoding=\"async\" src=\"http:\/\/www.agenciabrasilia.df.gov.br\/wp-conteudo\/uploads\/2022\/04\/WhatsApp-Image-2022-04-18-at-10.50.11.jpeg\" alt=\"\" class=\"wp-image-396561\"\/><figcaption>O tempo m\u00e9dio de espera para o atendimento ao p\u00fablico do Na Hora, que chegava a 27 minutos at\u00e9 2018, passou para quatro minutos e 27 segundos em 2021 | Foto: L\u00facio Bernardo Jr\/Ag\u00eancia Bras\u00edlia<\/figcaption><\/figure>\n\n\n\n<p>Em Ceil\u00e2ndia, a pr\u00f3xima quarta-feira (20) \u00e9 o \u00faltimo dia de atendimento na unidade tempor\u00e1ria, localizada no CEU das Artes. Os atendimentos ser\u00e3o retomados a partir do dia 2 de maio na unidade reformada no Shopping Popular de Ceil\u00e2ndia Sul.<\/p>\n\n\n\n<p>Uma das metas da atual gest\u00e3o do GDF \u00e9 reformar e modernizar todas as unidades do Na Hora, uma a\u00e7\u00e3o realizada pela primeira vez em 20 anos. J\u00e1 foram entregues os espa\u00e7os da Rodovi\u00e1ria do Plano Piloto, Sobradinho e Brazl\u00e2ndia.<\/p>\n\n\n\n<p>\u201cAs obras de reforma t\u00eam como objetivo oferecer um atendimento eficiente para os cidad\u00e3os, garantindo instala\u00e7\u00f5es mais confort\u00e1veis e modernas aos usu\u00e1rios, servidores e colaboradores do Na Hora. Esse \u00e9 o compromisso da gest\u00e3o do nosso governador Ibaneis Rocha\u201d, explicou o secret\u00e1rio de Justi\u00e7a e Cidadania, Jaime Santana.<\/p>\n\n\n\n<p>Com as reformas e a moderniza\u00e7\u00e3o do parque tecnol\u00f3gico, o tempo m\u00e9dio de espera para o atendimento ao p\u00fablico nas unidades fixas, que chegava a 27 minutos at\u00e9 2018, passou para quatro minutos e 27 segundos em 2021. De 2019 a 2021, o Na Hora ampliou a oferta de comodidades \u00e0 popula\u00e7\u00e3o, passando de 29 para 90 os servi\u00e7os online dispon\u00edveis.<\/p>\n\n\n\n<p>Atualmente, o DF conta com unidades fixas do Na Hora na Rodovi\u00e1ria do Plano Piloto e em Sobradinho, Taguatinga, Brazl\u00e2ndia, Ceil\u00e2ndia, Gama e Riacho Fundo, al\u00e9m da Unidade de Per\u00edcia M\u00e9dica Federal na Asa Sul. Apenas em 2021, as oito unidades registraram 1 milh\u00e3o de atendimentos.<\/p>\n\n\n\n<p><em>*Com informa\u00e7\u00f5es da Secretaria de Justi\u00e7a e Cidadania<\/em><\/p>\n","protected":false},"excerpt":{"rendered":"<p>Servi\u00e7os ser\u00e3o oferecidos nesse endere\u00e7o durante obras para moderniza\u00e7\u00e3o da unidade Ag\u00eancia Bras\u00edlia* I Edi\u00e7\u00e3o: D\u00e9bora Cronemberger&nbsp;Os servi\u00e7os do Na Hora de Riacho Fundo come\u00e7aram a ser oferecidos provisoriamente, nesta segunda-feira (18), na administra\u00e7\u00e3o regional da cidade (\u00c1rea Central 03 Lote 06), de segunda a sexta-feira, das 7h30 \u00e0s 19h. A unidade do Na Hora [&hellip;]<\/p>\n","protected":false},"author":1,"featured_media":0,"comment_status":"open","ping_status":"open","sticky":false,"template":"","format":"standard","meta":{"footnotes":""},"categories":[],"tags":[],"class_list":["post-5577","post","type-post","status-publish","format-standard","hentry"],"_links":{"self":[{"href":"https:\/\/aguaslindasnoticias.com.br\/index.php\/wp-json\/wp\/v2\/posts\/5577","targetHints":{"allow":["GET"]}}],"collection":[{"href":"https:\/\/aguaslindasnoticias.com.br\/index.php\/wp-json\/wp\/v2\/posts"}],"about":[{"href":"https:\/\/aguaslindasnoticias.com.br\/index.php\/wp-json\/wp\/v2\/types\/post"}],"author":[{"embeddable":true,"href":"https:\/\/aguaslindasnoticias.com.br\/index.php\/wp-json\/wp\/v2\/users\/1"}],"replies":[{"embeddable":true,"href":"https:\/\/aguaslindasnoticias.com.br\/index.php\/wp-json\/wp\/v2\/comments?post=5577"}],"version-history":[{"count":0,"href":"https:\/\/aguaslindasnoticias.com.br\/index.php\/wp-json\/wp\/v2\/posts\/5577\/revisions"}],"wp:attachment":[{"href":"https:\/\/aguaslindasnoticias.com.br\/index.php\/wp-json\/wp\/v2\/media?parent=5577"}],"wp:term":[{"taxonomy":"category","embeddable":true,"href":"https:\/\/aguaslindasnoticias.com.br\/index.php\/wp-json\/wp\/v2\/categories?post=5577"},{"taxonomy":"post_tag","embeddable":true,"href":"https:\/\/aguaslindasnoticias.com.br\/index.php\/wp-json\/wp\/v2\/tags?post=5577"}],"curies":[{"name":"wp","href":"https:\/\/api.w.org\/{rel}","templated":true}]}}