{"id":5576,"date":"2023-01-04T10:13:54","date_gmt":"2023-01-04T13:13:54","guid":{"rendered":"https:\/\/aguaslindasnoticias.com.br\/index.php\/2023\/01\/04\/gdf-condecora-120-cidadaos-com-medalha-brasilia-60-anos\/"},"modified":"2023-01-04T10:13:54","modified_gmt":"2023-01-04T13:13:54","slug":"gdf-condecora-120-cidadaos-com-medalha-brasilia-60-anos","status":"publish","type":"post","link":"https:\/\/aguaslindasnoticias.com.br\/index.php\/2023\/01\/04\/gdf-condecora-120-cidadaos-com-medalha-brasilia-60-anos\/","title":{"rendered":"GDF condecora 120 cidad\u00e3os com medalha Bras\u00edlia 60 anos"},"content":{"rendered":"\n<p>Honraria foi criada neste governo para homenagear quem desempenha papel relevante na hist\u00f3ria da capital federal<\/p>\n\n\n\n<p>H\u00e9dio Ferreira J\u00fanior, da Ag\u00eancia Bras\u00edlia | Edi\u00e7\u00e3o: Carolina Lobo&nbsp;O Governo do Distrito Federal (GDF) homenageou, nesta segunda-feira (18), <a href=\"http:\/\/agenciabrasilia.df.gov.br\/wp-conteudo\/uploads\/2022\/04\/NOMES-AGRACIADOS.pdf\" target=\"_blank\" rel=\"noreferrer noopener\">120 homens e mulheres<\/a>&nbsp;que contribu\u00edram para a hist\u00f3ria e o desenvolvimento cultural e econ\u00f4mico de Bras\u00edlia.<\/p>\n\n\n\n<blockquote class=\"wp-block-quote is-layout-flow wp-block-quote-is-layout-flow\"><p>\u201cTenham certeza de que os nomes de cada um de voc\u00eas foram escolhidos com muito carinho pelo que representam para esta cidade e pelo que fizeram para a constru\u00e7\u00e3o do Distrito Federal\u201dGovernador Ibaneis Rocha<\/p><\/blockquote>\n\n\n\n<p>Institu\u00edda por meio do&nbsp;<a href=\"https:\/\/sintse.tse.jus.br\/documentos\/2020\/Fev\/28\/destaques-museu-historia-educacao-cultura-e\/decreto-n-40-473-de-27-de-fevereiro-de-2020-institui-medalha-brasilia-60-anos\" target=\"_blank\" rel=\"noreferrer noopener\">Decreto n\u00ba 40.473<\/a>, de 27 de fevereiro de 2020, e assinada pelo governador Ibaneis Rocha, a medalha Bras\u00edlia 60 anos foi entregue na semana em que a capital federal completar\u00e1 62 anos de sua funda\u00e7\u00e3o. H\u00e1 dois anos, as festividades de comemora\u00e7\u00e3o do anivers\u00e1rio da cidade estavam suspensas devidos \u00e0s medidas restritivas de aglomera\u00e7\u00e3o impostas pelas autoridades sanit\u00e1rias para conter o cont\u00e1gio da covid-19.<\/p>\n\n\n\n<figure class=\"wp-block-image\"><img decoding=\"async\" src=\"http:\/\/agenciabrasilia.df.gov.br\/wp-conteudo\/uploads\/2022\/04\/foto2-2.jpeg\" alt=\"\" class=\"wp-image-396612\"\/><figcaption>Medalha Bras\u00edlia 60 anos faz refer\u00eancia \u00e0 Catedral de Bras\u00edlia | Foto: Tony Oliveira<\/figcaption><\/figure>\n\n\n\n<p>\u201cTenham certeza de que os nomes de cada um de voc\u00eas foram escolhidos com muito carinho pelo que representam para esta cidade e pelo que fizeram para a constru\u00e7\u00e3o do Distrito Federal\u201d, declarou o governador Ibaneis Rocha na abertura da cerim\u00f4nia, realizada no Centro de Conven\u00e7\u00f5es Ulysses Guimar\u00e3es.<\/p>\n\n\n\n<p>A medalha Bras\u00edlia 60 anos consiste em uma placa dourada arredondada, na qual, no interior, sobressai uma pe\u00e7a central com 16 pontas e uma pe\u00e7a menor com o mesmo formato em tons de azul, fazendo refer\u00eancia \u00e0 Catedral de Bras\u00edlia. A condecora\u00e7\u00e3o foi atribu\u00edda tamb\u00e9m ao governador, como membro nato, e aos demais integrantes do Conselho da Medalha Bras\u00edlia 60 Anos.<\/p>\n\n\n\n<p><strong>Pol\u00edtica, cinema e TV<\/strong><\/p>\n\n\n\n<p>A vi\u00fava do ex-governador Joaquim Roriz, Weslian Roriz, estava entre as mulheres homenageadas pela Bras\u00edlia 60 anos. Primeira-dama do DF por tr\u00eas mandatos, ela se disse grata por tudo que viveu e vive na cidade. \u201cS\u00e3o lembran\u00e7as maravilhosas, o que pra mim \u00e9 muito importante, principalmente porque meu marido foi uma pessoa muito querida.\u201d<\/p>\n\n\n\n<p>Aos 87 anos, Vladimir Carvalho tem em sua filmografia 20 t\u00edtulos, a maioria deles com temas diretamente ligados \u00e0 cidade. Por todo seu trabalho de projetar a capital nos cinemas de todo o pa\u00eds, ele afirmou que a medalha faz jus \u00e0 sua import\u00e2ncia. \u201cDirei sem mod\u00e9stia que, por tudo isso, eu a mereci\u201d, brincou.<\/p>\n\n\n\n<p>Foi em um dos programas de humor mais populares da TV que a apresentadora, atriz e psic\u00f3loga Maria Paula Fidalgo, ou apenas Maria Paula, imprimiu seu jeito de brasiliense. Filha da segunda gera\u00e7\u00e3o de cidad\u00e3os nascidos e criados na cidade, ela voltou a morar na cidade depois de muitos anos fora e garante estar feliz por isso. \u201cA minha hist\u00f3ria e a hist\u00f3ria de Bras\u00edlia est\u00e3o juntas, n\u00e3o h\u00e1 como separar\u201d, concluiu.<\/p>\n\n\n\n<p>As indica\u00e7\u00f5es \u00e0 medalha ficaram a cargo do governador Ibaneis Rocha e dos membros do Conselho da Medalha Bras\u00edlia 60 Anos \u2013 composta pelo vice-governador Paco Brito e os titulares das pastas da Cultura, Bartolomeu Rodrigues; Economia, Itamar Feitosa; da Casa Civil, Gustavo Rocha; de Governo, Jos\u00e9 Humberto; de Comunica\u00e7\u00e3o, Weligton Moraes; bem como a chefe de Gabinete da Governadoria, Juliana Monici; a chefe-executiva do Cerimonial da Governadoria, Lorena do Nascimento; e os jornalistas Renato Riella e Paulo Pestana.<\/p>\n","protected":false},"excerpt":{"rendered":"<p>Honraria foi criada neste governo para homenagear quem desempenha papel relevante na hist\u00f3ria da capital federal H\u00e9dio Ferreira J\u00fanior, da Ag\u00eancia Bras\u00edlia | Edi\u00e7\u00e3o: Carolina Lobo&nbsp;O Governo do Distrito Federal (GDF) homenageou, nesta segunda-feira (18), 120 homens e mulheres&nbsp;que contribu\u00edram para a hist\u00f3ria e o desenvolvimento cultural e econ\u00f4mico de Bras\u00edlia. \u201cTenham certeza de que [&hellip;]<\/p>\n","protected":false},"author":1,"featured_media":0,"comment_status":"open","ping_status":"open","sticky":false,"template":"","format":"standard","meta":{"footnotes":""},"categories":[],"tags":[],"class_list":["post-5576","post","type-post","status-publish","format-standard","hentry"],"_links":{"self":[{"href":"https:\/\/aguaslindasnoticias.com.br\/index.php\/wp-json\/wp\/v2\/posts\/5576","targetHints":{"allow":["GET"]}}],"collection":[{"href":"https:\/\/aguaslindasnoticias.com.br\/index.php\/wp-json\/wp\/v2\/posts"}],"about":[{"href":"https:\/\/aguaslindasnoticias.com.br\/index.php\/wp-json\/wp\/v2\/types\/post"}],"author":[{"embeddable":true,"href":"https:\/\/aguaslindasnoticias.com.br\/index.php\/wp-json\/wp\/v2\/users\/1"}],"replies":[{"embeddable":true,"href":"https:\/\/aguaslindasnoticias.com.br\/index.php\/wp-json\/wp\/v2\/comments?post=5576"}],"version-history":[{"count":0,"href":"https:\/\/aguaslindasnoticias.com.br\/index.php\/wp-json\/wp\/v2\/posts\/5576\/revisions"}],"wp:attachment":[{"href":"https:\/\/aguaslindasnoticias.com.br\/index.php\/wp-json\/wp\/v2\/media?parent=5576"}],"wp:term":[{"taxonomy":"category","embeddable":true,"href":"https:\/\/aguaslindasnoticias.com.br\/index.php\/wp-json\/wp\/v2\/categories?post=5576"},{"taxonomy":"post_tag","embeddable":true,"href":"https:\/\/aguaslindasnoticias.com.br\/index.php\/wp-json\/wp\/v2\/tags?post=5576"}],"curies":[{"name":"wp","href":"https:\/\/api.w.org\/{rel}","templated":true}]}}