{"id":5574,"date":"2023-01-04T10:13:54","date_gmt":"2023-01-04T13:13:54","guid":{"rendered":"https:\/\/aguaslindasnoticias.com.br\/index.php\/2023\/01\/04\/deputados-declaram-apoio-a-servidores-demitidos-da-neoenergia\/"},"modified":"2023-01-04T10:13:54","modified_gmt":"2023-01-04T13:13:54","slug":"deputados-declaram-apoio-a-servidores-demitidos-da-neoenergia","status":"publish","type":"post","link":"https:\/\/aguaslindasnoticias.com.br\/index.php\/2023\/01\/04\/deputados-declaram-apoio-a-servidores-demitidos-da-neoenergia\/","title":{"rendered":"Deputados declaram apoio a servidores demitidos da Neoenergia"},"content":{"rendered":"\n<figure class=\"wp-block-image size-large\"><img decoding=\"async\" src=\"http:\/\/claricegulyas.com.br\/wp-content\/uploads\/2022\/04\/2211246CG-5.jpg\" alt=\"\" class=\"wp-image-9997\"\/><\/figure>\n\n\n\n<p>Foto: Carlos Gandra\/CLDF<\/p>\n\n\n\n<p>V\u00e1rios deputados distritais manifestaram apoio, nesta ter\u00e7a-feira (12), aos trabalhadores da Neoenergia Bras\u00edlia, antiga CEB Distribui\u00e7\u00e3o, com rela\u00e7\u00e3o \u00e0s recentes demiss\u00f5es ocorridas na empresa. No dia de ontem os trabalhadores foram surpreendidos com a demiss\u00e3o de 45 servidores p\u00fablicos, o que motivou a categoria a comparecer \u00e0 C\u00e2mara Legislativa na tarde de hoje para pressionar o governo a encerrar as demiss\u00f5es em massa e realocar os profissionais dispensados em outros \u00f3rg\u00e3os.<\/p>\n\n\n\n<p>Para a deputada Arlete Sampaio (PT), as demiss\u00f5es n\u00e3o prejudicam somente os trabalhadores, mas toda a sociedade. \u201cPrecisamos impedir essas demiss\u00f5es porque elas representam um grande preju\u00edzo para o servi\u00e7o p\u00fablico. Temos que fazer justi\u00e7a com esses pais e m\u00e3es de fam\u00edlia que foram prejudicados. Vamos lutar para que eles sejam redistribu\u00eddos para outros \u00f3rg\u00e3os\u201d, afirmou. A distrital tamb\u00e9m pediu apoio dos colegas para a realiza\u00e7\u00e3o de uma Comiss\u00e3o Geral no dia 20\/04 exclusivamente para tratar da quest\u00e3o.<\/p>\n\n\n\n<p>O deputado F\u00e1bio F\u00e9lix (PSOL) aproveitou a ocasi\u00e3o para criticar o processo de privatiza\u00e7\u00e3o da CEB Distribui\u00e7\u00e3o. \u201cO governo privatizou a companhia por meio de atalhos para evitar que isso fosse discutido e votado pelos deputados distritais. A gente sabe que existe uma lista oculta para demiss\u00e3o de outros 120 funcion\u00e1rios. Demiss\u00e3o em massa no meio de uma pandemia, de trabalhadores que dedicaram 15, 20 anos \u00e0 empresa. Os trabalhadores foram escoltados at\u00e9 a porta por seguran\u00e7as, n\u00e3o puderam sequer pegar seus pertences pessoais. Um desrespeito total\u201d, criticou o deputado.<\/p>\n\n\n\n<p>A demiss\u00e3o coletiva tamb\u00e9m foi criticada pelo deputado Chico Vigilante (PT). \u201cQuando a CEB foi privatizada, n\u00f3s dissemos que ia acontecer isso. J\u00e1 dispensaram 45 servidores e sabemos que ainda h\u00e1 outros tantos nomes na lista para serem demitidos. Isso tudo est\u00e1 acontecendo para que a empresa lucre e proporcione uma boa vida para os espanh\u00f3is, enquanto ferra com os brasileiros\u201d, reclamou.<\/p>\n\n\n\n<p>J\u00e1 Leandro Grass (PV) lembrou aos colegas que o governador Ibaneis Rocha n\u00e3o cumpriu sua promessa de campanha de preservar a companhia. \u201cO que foi praticado no DF \u00e9 um estelionato eleitoral. Ele disse que n\u00e3o ia privatizar, mas privatizou. Disse que os trabalhadores seriam reaproveitados, mas descumpriu com a palavra mais uma vez\u201d, ressaltou.<\/p>\n\n\n\n<p>Os trabalhadores da CEB tamb\u00e9m receberam apoio do deputado Jo\u00e3o Cardoso (AVANTE), que fez um apelo para que os funcion\u00e1rios dispensados sejam transferidos para outros \u00f3rg\u00e3os do governo. O presidente da C\u00e2mara Legislativa, deputado Rafael Prudente (MDB), tamb\u00e9m declarou apoio aos trabalhadores ao dizer que \u201cos deputados far\u00e3o tudo que for poss\u00edvel para manter os empregos desses servidores\u201d.<\/p>\n\n\n\n<p>Eder Wen &#8211; Ag\u00eancia CLDF<\/p>\n","protected":false},"excerpt":{"rendered":"<p>Foto: Carlos Gandra\/CLDF V\u00e1rios deputados distritais manifestaram apoio, nesta ter\u00e7a-feira (12), aos trabalhadores da Neoenergia Bras\u00edlia, antiga CEB Distribui\u00e7\u00e3o, com rela\u00e7\u00e3o \u00e0s recentes demiss\u00f5es ocorridas na empresa. No dia de ontem os trabalhadores foram surpreendidos com a demiss\u00e3o de 45 servidores p\u00fablicos, o que motivou a categoria a comparecer \u00e0 C\u00e2mara Legislativa na tarde de [&hellip;]<\/p>\n","protected":false},"author":1,"featured_media":0,"comment_status":"open","ping_status":"open","sticky":false,"template":"","format":"standard","meta":{"footnotes":""},"categories":[],"tags":[],"class_list":["post-5574","post","type-post","status-publish","format-standard","hentry"],"_links":{"self":[{"href":"https:\/\/aguaslindasnoticias.com.br\/index.php\/wp-json\/wp\/v2\/posts\/5574","targetHints":{"allow":["GET"]}}],"collection":[{"href":"https:\/\/aguaslindasnoticias.com.br\/index.php\/wp-json\/wp\/v2\/posts"}],"about":[{"href":"https:\/\/aguaslindasnoticias.com.br\/index.php\/wp-json\/wp\/v2\/types\/post"}],"author":[{"embeddable":true,"href":"https:\/\/aguaslindasnoticias.com.br\/index.php\/wp-json\/wp\/v2\/users\/1"}],"replies":[{"embeddable":true,"href":"https:\/\/aguaslindasnoticias.com.br\/index.php\/wp-json\/wp\/v2\/comments?post=5574"}],"version-history":[{"count":0,"href":"https:\/\/aguaslindasnoticias.com.br\/index.php\/wp-json\/wp\/v2\/posts\/5574\/revisions"}],"wp:attachment":[{"href":"https:\/\/aguaslindasnoticias.com.br\/index.php\/wp-json\/wp\/v2\/media?parent=5574"}],"wp:term":[{"taxonomy":"category","embeddable":true,"href":"https:\/\/aguaslindasnoticias.com.br\/index.php\/wp-json\/wp\/v2\/categories?post=5574"},{"taxonomy":"post_tag","embeddable":true,"href":"https:\/\/aguaslindasnoticias.com.br\/index.php\/wp-json\/wp\/v2\/tags?post=5574"}],"curies":[{"name":"wp","href":"https:\/\/api.w.org\/{rel}","templated":true}]}}