{"id":5573,"date":"2023-01-04T10:13:54","date_gmt":"2023-01-04T13:13:54","guid":{"rendered":"https:\/\/aguaslindasnoticias.com.br\/index.php\/2023\/01\/04\/vetos-derrubados-garantem-beneficios-salariais-para-servidores-da-agricultura-e-do-detran\/"},"modified":"2023-01-04T10:13:54","modified_gmt":"2023-01-04T13:13:54","slug":"vetos-derrubados-garantem-beneficios-salariais-para-servidores-da-agricultura-e-do-detran","status":"publish","type":"post","link":"https:\/\/aguaslindasnoticias.com.br\/index.php\/2023\/01\/04\/vetos-derrubados-garantem-beneficios-salariais-para-servidores-da-agricultura-e-do-detran\/","title":{"rendered":"Vetos derrubados garantem benef\u00edcios salariais para servidores da Agricultura e do Detran"},"content":{"rendered":"\n<figure class=\"wp-block-image size-large\"><img decoding=\"async\" src=\"http:\/\/claricegulyas.com.br\/wp-content\/uploads\/2022\/04\/2211246CG-54.jpg\" alt=\"\" class=\"wp-image-9994\"\/><\/figure>\n\n\n\n<p>Foto: Carlos Gandra\/CLDF<\/p>\n\n\n\n<figure class=\"wp-block-image\"><img decoding=\"async\" src=\"https:\/\/www.cl.df.gov.br\/documents\/10162\/25738553\/2211246CG+%2854%29.jpg\/06a90174-2fc7-0ff6-2bd7-33c6bc32120e?t=1649795930754\" alt=\"A\u00a0justificativa do GDF para vetar parcialmente os projetos foi \u201cv\u00edcio de iniciativa material e formal\u201d, visto que esses benef\u00edcios foram inclu\u00eddos por emendas parlamentares aos textos originais, ambos do Buriti\"\/><\/figure>\n\n\n\n<p>A&nbsp;justificativa do GDF para vetar parcialmente os projetos foi \u201cv\u00edcio de iniciativa material e formal\u201d, visto que esses benef\u00edcios foram inclu\u00eddos por emendas parlamentares aos textos originais, ambos do Buriti<\/p>\n\n\n\n<p>Na sess\u00e3o da C\u00e2mara Legislativa desta ter\u00e7a-feira (12), os deputados derrubaram vetos parciais do governador Ibaneis Rocha a dois projetos de lei rec\u00e9m-aprovados pela Casa. A medida beneficia servidores do Detran\/DF e da Secretaria de Agricultura, Abastecimento e Desenvolvimento Rural (Seagri) e foi bastante comemorada pelos que acompanhavam a vota\u00e7\u00e3o na galeria. A decis\u00e3o do plen\u00e1rio dever\u00e1 ser promulgada nos pr\u00f3ximos dias para passar a valer.<\/p>\n\n\n\n<p>Do projeto de lei n\u00ba 2.664\/22, que trata da&nbsp;<a href=\"https:\/\/www.cl.df.gov.br\/web\/guest\/-\/aprovada-gratificacao-para-servidores-do-detran-df-1\">Gratifica\u00e7\u00e3o da Carreira Atividades de Tr\u00e2nsito (GCAT)<\/a>&nbsp;do Detran, havia sido vetado o artigo 3\u00ba, que prev\u00ea a cria\u00e7\u00e3o de outras duas gratifica\u00e7\u00f5es relativas \u00e0 qualifica\u00e7\u00e3o profissional dos servidores do \u00f3rg\u00e3o.&nbsp;<\/p>\n\n\n\n<p>Com rela\u00e7\u00e3o ao PL n\u00ba 2.673\/22, que disp\u00f5e sobre a carreira<a href=\"https:\/\/www.cl.df.gov.br\/web\/guest\/-\/deputados-aprovam-criacao-da-gratificacao-por-habilitacao-em-gestao-e-fiscalizacao-rodoviaria-1\">&nbsp;Gest\u00e3o e Fiscaliza\u00e7\u00e3o Rodovi\u00e1ria<\/a>, v\u00e1rios artigos haviam sido rejeitados pelo governador. &nbsp;Os itens reajustam as tabelas de remunera\u00e7\u00e3o da Seagri em 10%, al\u00e9m de preverem a cria\u00e7\u00e3o da Gratifica\u00e7\u00e3o de Pol\u00edticas P\u00fablicas Rurais.&nbsp;<\/p>\n\n\n\n<p>A&nbsp;justificativa para esses vetos parciais foi \u201cv\u00edcio de iniciativa material e formal\u201d, visto que esses benef\u00edcios foram inclu\u00eddos por emendas parlamentares aos textos originais, ambos do Buriti.&nbsp;<\/p>\n\n\n\n<p><strong>Denise Caputo &#8211; Ag\u00eancia CLDF<\/strong><\/p>\n","protected":false},"excerpt":{"rendered":"<p>Foto: Carlos Gandra\/CLDF A&nbsp;justificativa do GDF para vetar parcialmente os projetos foi \u201cv\u00edcio de iniciativa material e formal\u201d, visto que esses benef\u00edcios foram inclu\u00eddos por emendas parlamentares aos textos originais, ambos do Buriti Na sess\u00e3o da C\u00e2mara Legislativa desta ter\u00e7a-feira (12), os deputados derrubaram vetos parciais do governador Ibaneis Rocha a dois projetos de lei [&hellip;]<\/p>\n","protected":false},"author":1,"featured_media":0,"comment_status":"open","ping_status":"open","sticky":false,"template":"","format":"standard","meta":{"footnotes":""},"categories":[],"tags":[],"class_list":["post-5573","post","type-post","status-publish","format-standard","hentry"],"_links":{"self":[{"href":"https:\/\/aguaslindasnoticias.com.br\/index.php\/wp-json\/wp\/v2\/posts\/5573","targetHints":{"allow":["GET"]}}],"collection":[{"href":"https:\/\/aguaslindasnoticias.com.br\/index.php\/wp-json\/wp\/v2\/posts"}],"about":[{"href":"https:\/\/aguaslindasnoticias.com.br\/index.php\/wp-json\/wp\/v2\/types\/post"}],"author":[{"embeddable":true,"href":"https:\/\/aguaslindasnoticias.com.br\/index.php\/wp-json\/wp\/v2\/users\/1"}],"replies":[{"embeddable":true,"href":"https:\/\/aguaslindasnoticias.com.br\/index.php\/wp-json\/wp\/v2\/comments?post=5573"}],"version-history":[{"count":0,"href":"https:\/\/aguaslindasnoticias.com.br\/index.php\/wp-json\/wp\/v2\/posts\/5573\/revisions"}],"wp:attachment":[{"href":"https:\/\/aguaslindasnoticias.com.br\/index.php\/wp-json\/wp\/v2\/media?parent=5573"}],"wp:term":[{"taxonomy":"category","embeddable":true,"href":"https:\/\/aguaslindasnoticias.com.br\/index.php\/wp-json\/wp\/v2\/categories?post=5573"},{"taxonomy":"post_tag","embeddable":true,"href":"https:\/\/aguaslindasnoticias.com.br\/index.php\/wp-json\/wp\/v2\/tags?post=5573"}],"curies":[{"name":"wp","href":"https:\/\/api.w.org\/{rel}","templated":true}]}}