{"id":5571,"date":"2023-01-04T10:13:54","date_gmt":"2023-01-04T13:13:54","guid":{"rendered":"https:\/\/aguaslindasnoticias.com.br\/index.php\/2023\/01\/04\/aprovado-substitutivo-ao-pl-de-joao-cardoso-que-altera-denominacao-dos-cargos-da-carreira-assistencia-a-educacao\/"},"modified":"2023-01-04T10:13:54","modified_gmt":"2023-01-04T13:13:54","slug":"aprovado-substitutivo-ao-pl-de-joao-cardoso-que-altera-denominacao-dos-cargos-da-carreira-assistencia-a-educacao","status":"publish","type":"post","link":"https:\/\/aguaslindasnoticias.com.br\/index.php\/2023\/01\/04\/aprovado-substitutivo-ao-pl-de-joao-cardoso-que-altera-denominacao-dos-cargos-da-carreira-assistencia-a-educacao\/","title":{"rendered":"Aprovado substitutivo ao PL de Jo\u00e3o Cardoso que altera denomina\u00e7\u00e3o dos cargos da carreira Assist\u00eancia \u00e0 Educa\u00e7\u00e3o"},"content":{"rendered":"\n<figure class=\"wp-block-image size-large\"><img decoding=\"async\" src=\"http:\/\/claricegulyas.com.br\/wp-content\/uploads\/2022\/04\/deputado-joao-cardoso-carreira-assistencia-a-educacao-cldf-projeto-de-lei-brasilia.jpeg\" alt=\"\" class=\"wp-image-9987\"\/><\/figure>\n\n\n\n<p>A C\u00e2mara Legislativa aprovou nesta ter\u00e7a (12\/4) substitutivo do Executivo ao projeto de lei 2683\/2022, de autoria do deputado <strong>Jo\u00e3o Cardoso (Avante)<\/strong>, que altera a denomina\u00e7\u00e3o dos cargos da Carreira de Assist\u00eancia \u00e0 Educa\u00e7\u00e3o. A proposta tramitou conjuntamente com os projetos 1912\/2021, 1913\/2021, 2265\/2021 e 2266\/2021, tamb\u00e9m protocolados pelo parlamentar. O texto foi aprovado em segundo turno e reda\u00e7\u00e3o final com 18 votos favor\u00e1veis e segue agora \u00e0 san\u00e7\u00e3o do governador Ibaneis Rocha.<\/p>\n\n\n\n<p>Ao convocar os pares pela vota\u00e7\u00e3o do projeto, Jo\u00e3o Cardoso falou da import\u00e2ncia da valoriza\u00e7\u00e3o dos servidores da Educa\u00e7\u00e3o e agradeceu o apoio da Secretaria de Educa\u00e7\u00e3o, sindicato e profissionais envolvidos na negocia\u00e7\u00e3o e na elabora\u00e7\u00e3o do texto final. Para ele, este foi o &#8220;pontap\u00e9 inicial&#8221; para as pr\u00f3ximas conquistas da categoria, como a reformula\u00e7\u00e3o da tabela de remunera\u00e7\u00e3o desses profissionais.<\/p>\n\n\n\n<p>&#8220;A Carreira de Assist\u00eancia \u00e0 Educa\u00e7\u00e3o esteve por muito tempo esquecida. Iniciamos esse projeto, que teve a participa\u00e7\u00e3o de muitas pessoas. Ele traz a caracter\u00edstica da forma de trabalho: em comunh\u00e3o. Essa conquista foi poss\u00edvel por meio da comunh\u00e3o e estou muito feliz porque, agora sim, poderemos fazer justi\u00e7a em rela\u00e7\u00e3o \u00e0s tabelas salariais. Contem com o nosso mandato, pois ele n\u00e3o \u00e9 meu, \u00e9 nosso&#8221;, disse Jo\u00e3o Cardoso.<\/p>\n\n\n\n<p>De acordo com a proposta, o cargo de T\u00e9cnico de Gest\u00e3o Educacional passa a ser denominado Analista em Pol\u00edticas P\u00fablicas e Gest\u00e3o Educacional; o cargo de Analista de Gest\u00e3o Educacional passa a ser denominado Gestor em Pol\u00edticas P\u00fablicas e Gest\u00e3o Educacional; o cargo de Monitor de Gest\u00e3o Educacional passa a ser denominado especialidade Monitor em Gest\u00e3o Educacional do Cargo de Analista em Pol\u00edticas P\u00fablicas e Gest\u00e3o Educacional, e o cargo de Agente de Gest\u00e3o Educacional passa a ser denominado T\u00e9cnico em Pol\u00edticas P\u00fablicas e Gest\u00e3o Educacional. O texto tamb\u00e9m inclui a exig\u00eancia de n\u00edveis de escolaridade m\u00ednimos para cada uma das fun\u00e7\u00f5es.<\/p>\n\n\n\n<p><strong>Reconhecimento<\/strong><\/p>\n\n\n\n<p>&#8220;Eles t\u00eam hoje um grande aliado, um cara que trabalha com afinco e que foi muitas vezes \u00e0 Secretaria de Educa\u00e7\u00e3o, e muitas vezes as pessoas n\u00e3o acreditaram. Ele foi camarada resistente e resiliente que n\u00e3o desistiu: deputado Jo\u00e3o Cardoso.&#8221;, reconheceu o deputado Reginaldo Veras.<\/p>\n\n\n\n<p>&#8220;Todos os parlamentares aqui trabalham em algumas \u00e1reas, e eu fa\u00e7o quest\u00e3o de dar m\u00e9rito a quem merece, e o Jo\u00e3o foi incans\u00e1vel e lutou at\u00e9 o fim por isso. Eu j\u00e1 tentei fazer isso em outros governos e at\u00e9 nesse e eu n\u00e3o consegui. Mas ele conseguiu. Ele foi mais habilidoso do que eu na negocia\u00e7\u00e3o com o governo. Parabenizo o Jo\u00e3o, os trabalhadores e ao sindicato&#8221;, concluiu Veras.<\/p>\n","protected":false},"excerpt":{"rendered":"<p>A C\u00e2mara Legislativa aprovou nesta ter\u00e7a (12\/4) substitutivo do Executivo ao projeto de lei 2683\/2022, de autoria do deputado Jo\u00e3o Cardoso (Avante), que altera a denomina\u00e7\u00e3o dos cargos da Carreira de Assist\u00eancia \u00e0 Educa\u00e7\u00e3o. A proposta tramitou conjuntamente com os projetos 1912\/2021, 1913\/2021, 2265\/2021 e 2266\/2021, tamb\u00e9m protocolados pelo parlamentar. O texto foi aprovado em [&hellip;]<\/p>\n","protected":false},"author":1,"featured_media":0,"comment_status":"open","ping_status":"open","sticky":false,"template":"","format":"standard","meta":{"footnotes":""},"categories":[],"tags":[],"class_list":["post-5571","post","type-post","status-publish","format-standard","hentry"],"_links":{"self":[{"href":"https:\/\/aguaslindasnoticias.com.br\/index.php\/wp-json\/wp\/v2\/posts\/5571","targetHints":{"allow":["GET"]}}],"collection":[{"href":"https:\/\/aguaslindasnoticias.com.br\/index.php\/wp-json\/wp\/v2\/posts"}],"about":[{"href":"https:\/\/aguaslindasnoticias.com.br\/index.php\/wp-json\/wp\/v2\/types\/post"}],"author":[{"embeddable":true,"href":"https:\/\/aguaslindasnoticias.com.br\/index.php\/wp-json\/wp\/v2\/users\/1"}],"replies":[{"embeddable":true,"href":"https:\/\/aguaslindasnoticias.com.br\/index.php\/wp-json\/wp\/v2\/comments?post=5571"}],"version-history":[{"count":0,"href":"https:\/\/aguaslindasnoticias.com.br\/index.php\/wp-json\/wp\/v2\/posts\/5571\/revisions"}],"wp:attachment":[{"href":"https:\/\/aguaslindasnoticias.com.br\/index.php\/wp-json\/wp\/v2\/media?parent=5571"}],"wp:term":[{"taxonomy":"category","embeddable":true,"href":"https:\/\/aguaslindasnoticias.com.br\/index.php\/wp-json\/wp\/v2\/categories?post=5571"},{"taxonomy":"post_tag","embeddable":true,"href":"https:\/\/aguaslindasnoticias.com.br\/index.php\/wp-json\/wp\/v2\/tags?post=5571"}],"curies":[{"name":"wp","href":"https:\/\/api.w.org\/{rel}","templated":true}]}}