{"id":5570,"date":"2023-01-04T10:13:54","date_gmt":"2023-01-04T13:13:54","guid":{"rendered":"https:\/\/aguaslindasnoticias.com.br\/index.php\/2023\/01\/04\/jiu-jitsu-e-tema-de-sessao-solene-requerida-por-julia-lucy-na-cldf\/"},"modified":"2023-01-04T10:13:54","modified_gmt":"2023-01-04T13:13:54","slug":"jiu-jitsu-e-tema-de-sessao-solene-requerida-por-julia-lucy-na-cldf","status":"publish","type":"post","link":"https:\/\/aguaslindasnoticias.com.br\/index.php\/2023\/01\/04\/jiu-jitsu-e-tema-de-sessao-solene-requerida-por-julia-lucy-na-cldf\/","title":{"rendered":"Jiu-jitsu \u00e9 tema de sess\u00e3o solene requerida por J\u00falia Lucy na CLDF"},"content":{"rendered":"\n<p><\/p>\n\n\n\n<p>A deputada distrital J\u00falia Lucy (Uni\u00e3o Brasil) organizou uma sess\u00e3o solene para homenagear os grandes mestres de Bras\u00edlia e do Distrito Federal que praticam, ensinam e estimulam a pr\u00e1tica do Jiu-jitsu. O evento ser\u00e1 realizado na pr\u00f3xima sexta-feira, dia 08 de abril de 2022, \u00e0s 15h, no Plen\u00e1rio da C\u00e2mara Legislativa do Distrito Federal (CLDF) e ser\u00e1 transmitido ao vivo pelo canal oficial da CLDF no Youtube (https:\/\/www.youtube.com\/c\/TVC\u00e2maraDistrital).<\/p>\n\n\n\n<p>\u201c\u00c9 um excelente esporte para ser incentivado desde cedo, entre as crian\u00e7as e adolescentes por diversos motivos: \u00e9 uma v\u00e1lvula de escape para os jovens que est\u00e3o em desenvolvimento f\u00edsico e tem muita energia para gastar; al\u00e9m disso, \u00e9 uma excelente alternativa para melhorar a capacidade cognitiva e reduzir os n\u00edveis de ansiedade e estresse, especialmente no atual cen\u00e1rio de pandemia\u201d, afirma J\u00falia Lucy.<\/p>\n\n\n\n<p>Apesar desse esporte ser muitas vezes associado a brigas de jovens em festas e nas ruas, o Jiu-jitsu tem princ\u00edpios b\u00e1sicos que privilegiam o equil\u00edbrio mental e a consci\u00eancia corporal ao inv\u00e9s da for\u00e7a. A tradu\u00e7\u00e3o imediata do termo japon\u00eas Jiu-jitsu \u00e9 \u201ccaminho suave\u201d.<\/p>\n\n\n\n<p>\u201cNo DF, as not\u00edcias di\u00e1rias sobre aumento da viol\u00eancia nas escolas assustam pais, alunos e profissionais da educa\u00e7\u00e3o. O esporte, qualquer que seja o tipo, sempre \u00e9 uma solu\u00e7\u00e3o vi\u00e1vel e muito eficiente para esse tipo de problema\u201d, disse a deputada. Sempre que tem oportunidade, J\u00falia Lucy reitera a import\u00e2ncia da pr\u00e1tica de esportes no cotidiano, seja em raz\u00e3o do desenvolvimento social e f\u00edsico, seja em raz\u00e3o dos valores ensinados e da sa\u00fade mental que as atividades f\u00edsicas proporcionam.<\/p>\n\n\n\n<p>Sobre o Jiu-jitsu<br>Pouco se sabe ao certo sobre a origem desta arte marcial, por\u00e9m o Jiu-jitsu foi desenvolvido por monges budistas, que buscavam um m\u00e9todo de defesa pessoal. \u00c9 uma luta que evita o uso da for\u00e7a e de armas. Os golpes corporais, como estrangulamentos e tor\u00e7\u00f5es das articula\u00e7\u00f5es, s\u00e3o estudados com o objetivo de derrubar, imobilizar ou neutralizar o oponente.<\/p>\n\n\n\n<p>Atualmente, o Jiu-jitsu \u00e9 um esporte reconhecido e regulamentado, em nosso pa\u00eds, pela Confedera\u00e7\u00e3o Brasileira de Jiu-jitsu. Em n\u00edvel regional, h\u00e1 as federa\u00e7\u00f5es estaduais. As principais competi\u00e7\u00f5es nacionais s\u00e3o o campeonato brasileiro, o campeonato brasileiro de equipes e o campeonato brasileiro de estreantes. Outro papel da confedera\u00e7\u00e3o brasileira \u00e9 o de selecionar atletas para competirem em n\u00edvel internacional, como o campeonato panamericano e o campeonato mundial.<\/p>\n","protected":false},"excerpt":{"rendered":"<p>A deputada distrital J\u00falia Lucy (Uni\u00e3o Brasil) organizou uma sess\u00e3o solene para homenagear os grandes mestres de Bras\u00edlia e do Distrito Federal que praticam, ensinam e estimulam a pr\u00e1tica do Jiu-jitsu. O evento ser\u00e1 realizado na pr\u00f3xima sexta-feira, dia 08 de abril de 2022, \u00e0s 15h, no Plen\u00e1rio da C\u00e2mara Legislativa do Distrito Federal (CLDF) [&hellip;]<\/p>\n","protected":false},"author":1,"featured_media":0,"comment_status":"open","ping_status":"open","sticky":false,"template":"","format":"standard","meta":{"footnotes":""},"categories":[],"tags":[],"class_list":["post-5570","post","type-post","status-publish","format-standard","hentry"],"_links":{"self":[{"href":"https:\/\/aguaslindasnoticias.com.br\/index.php\/wp-json\/wp\/v2\/posts\/5570","targetHints":{"allow":["GET"]}}],"collection":[{"href":"https:\/\/aguaslindasnoticias.com.br\/index.php\/wp-json\/wp\/v2\/posts"}],"about":[{"href":"https:\/\/aguaslindasnoticias.com.br\/index.php\/wp-json\/wp\/v2\/types\/post"}],"author":[{"embeddable":true,"href":"https:\/\/aguaslindasnoticias.com.br\/index.php\/wp-json\/wp\/v2\/users\/1"}],"replies":[{"embeddable":true,"href":"https:\/\/aguaslindasnoticias.com.br\/index.php\/wp-json\/wp\/v2\/comments?post=5570"}],"version-history":[{"count":0,"href":"https:\/\/aguaslindasnoticias.com.br\/index.php\/wp-json\/wp\/v2\/posts\/5570\/revisions"}],"wp:attachment":[{"href":"https:\/\/aguaslindasnoticias.com.br\/index.php\/wp-json\/wp\/v2\/media?parent=5570"}],"wp:term":[{"taxonomy":"category","embeddable":true,"href":"https:\/\/aguaslindasnoticias.com.br\/index.php\/wp-json\/wp\/v2\/categories?post=5570"},{"taxonomy":"post_tag","embeddable":true,"href":"https:\/\/aguaslindasnoticias.com.br\/index.php\/wp-json\/wp\/v2\/tags?post=5570"}],"curies":[{"name":"wp","href":"https:\/\/api.w.org\/{rel}","templated":true}]}}