{"id":5567,"date":"2023-01-04T10:13:54","date_gmt":"2023-01-04T13:13:54","guid":{"rendered":"https:\/\/aguaslindasnoticias.com.br\/index.php\/2023\/01\/04\/7a-edicao-da-feira-da-goiaba-recebe-visita-do-governador\/"},"modified":"2023-01-04T10:13:54","modified_gmt":"2023-01-04T13:13:54","slug":"7a-edicao-da-feira-da-goiaba-recebe-visita-do-governador","status":"publish","type":"post","link":"https:\/\/aguaslindasnoticias.com.br\/index.php\/2023\/01\/04\/7a-edicao-da-feira-da-goiaba-recebe-visita-do-governador\/","title":{"rendered":"7\u00aa edi\u00e7\u00e3o da Feira da Goiaba recebe visita do governador"},"content":{"rendered":"\n<p>Evento celebra a colheita da fruta, a mais abundante do Distrito Federal. Ibaneis Rocha elogiou o trabalho dos produtores rurais<\/p>\n\n\n\n<p>Petronilo Oliveira, da Ag\u00eancia Bras\u00edlia | Edi\u00e7\u00e3o: Isaac Marra<\/p>\n\n\n\n<p>A 7\u00aa edi\u00e7\u00e3o da Feira da Goiaba, evento que celebra a colheita da fruta mais produzida no DF, recebeu, neste s\u00e1bado (9), a visita do governador Ibaneis Rocha. Aberta em 1\u00ba de abril, a exposi\u00e7\u00e3o na Associa\u00e7\u00e3o Rural e Cultural de Alexandre de Gusm\u00e3o (Arcag), em Brazl\u00e2ndia, termina neste domingo (10).<\/p>\n\n\n\n<p>O chefe do Executivo distrital cumprimentou produtores e pessoas que comercializavam seus produtos, al\u00e9m de defender o incentivo ao fomento na \u00e1rea rural. \u201cOs produtores da regi\u00e3o puderam expor seus produtos e s\u00e3o todos maravilhosos, de uma qualidade muito grande, al\u00e9m do bom atendimento \u00e0 popula\u00e7\u00e3o. Parab\u00e9ns \u00e0 feira, muito organizada, bela participa\u00e7\u00e3o da Emater. Isso \u00e9 uma forma de inclus\u00e3o social e econ\u00f4mica\u201d, elogiou o governador.<\/p>\n\n\n\n<blockquote class=\"wp-block-quote is-layout-flow wp-block-quote-is-layout-flow\"><p>28\u00c9 o total de estandes que vendem produtos feitos com goiaba<\/p><\/blockquote>\n\n\n\n<p>A entrada \u00e9 gratuita, e o visitante poder\u00e1 comprar produtos derivados de goiaba, al\u00e9m da pr\u00f3pria fruta. No Emp\u00f3rio da Goiaba, com 28 estandes, est\u00e3o \u00e0 venda doces, geleias, licores, bolos, tortas e outros alimentos preparados pelos produtores da regi\u00e3o de Brazl\u00e2ndia \u2014 onde est\u00e1 concentrada a maior parte do cultivo da fruta.<\/p>\n\n\n\n<figure class=\"wp-block-image\"><img decoding=\"async\" src=\"http:\/\/agenciabrasilia.df.gov.br\/wp-conteudo\/uploads\/2022\/04\/goiaba-interna-2-1024x682.jpeg\" alt=\"\" class=\"wp-image-394417\"\/><figcaption>Governador esteve nos estandes e elogiou a qualidade da fruta produzida na regi\u00e3o de Brazl\u00e2ndia. Fotos: Renato Alves\/Ag\u00eancia Bras\u00edlia<\/figcaption><\/figure>\n\n\n\n<p>\u201cA Feira da Goiaba \u00e9 uma oportunidade de os agricultores comercializarem e mostrarem um pouco do que \u00e9 produzido na regi\u00e3o, as variedades da cultura e os produtos feitos com a fruta\u201d, destacou a presidente da Emater-DF, Denise Fonseca.<\/p>\n\n\n\n<p>A produtora rural Lucia Vaz tem o discurso parecido com o de Ibaneis Rocha: \u201c\u00c9 muito importante essa feira, pois n\u00f3s temos a oportunidade de mostrar tudo o que o setor rural tem de bom. N\u00e3o s\u00f3 as hortali\u00e7as e as frutas. N\u00f3s produzimos 98% de goiaba do DF e aqui oferecemos derivados dela. Eu produzo goiabada casc\u00e3o artesanal, rosca recheada com goiabada, queijo com goiabada. Temos uma variedade muito grande. Tenho 38 anos de idade e estou h\u00e1 mais de vinte anos na \u00e1rea\u201d, finaliza.<\/p>\n","protected":false},"excerpt":{"rendered":"<p>Evento celebra a colheita da fruta, a mais abundante do Distrito Federal. Ibaneis Rocha elogiou o trabalho dos produtores rurais Petronilo Oliveira, da Ag\u00eancia Bras\u00edlia | Edi\u00e7\u00e3o: Isaac Marra A 7\u00aa edi\u00e7\u00e3o da Feira da Goiaba, evento que celebra a colheita da fruta mais produzida no DF, recebeu, neste s\u00e1bado (9), a visita do governador [&hellip;]<\/p>\n","protected":false},"author":1,"featured_media":0,"comment_status":"open","ping_status":"open","sticky":false,"template":"","format":"standard","meta":{"footnotes":""},"categories":[],"tags":[],"class_list":["post-5567","post","type-post","status-publish","format-standard","hentry"],"_links":{"self":[{"href":"https:\/\/aguaslindasnoticias.com.br\/index.php\/wp-json\/wp\/v2\/posts\/5567","targetHints":{"allow":["GET"]}}],"collection":[{"href":"https:\/\/aguaslindasnoticias.com.br\/index.php\/wp-json\/wp\/v2\/posts"}],"about":[{"href":"https:\/\/aguaslindasnoticias.com.br\/index.php\/wp-json\/wp\/v2\/types\/post"}],"author":[{"embeddable":true,"href":"https:\/\/aguaslindasnoticias.com.br\/index.php\/wp-json\/wp\/v2\/users\/1"}],"replies":[{"embeddable":true,"href":"https:\/\/aguaslindasnoticias.com.br\/index.php\/wp-json\/wp\/v2\/comments?post=5567"}],"version-history":[{"count":0,"href":"https:\/\/aguaslindasnoticias.com.br\/index.php\/wp-json\/wp\/v2\/posts\/5567\/revisions"}],"wp:attachment":[{"href":"https:\/\/aguaslindasnoticias.com.br\/index.php\/wp-json\/wp\/v2\/media?parent=5567"}],"wp:term":[{"taxonomy":"category","embeddable":true,"href":"https:\/\/aguaslindasnoticias.com.br\/index.php\/wp-json\/wp\/v2\/categories?post=5567"},{"taxonomy":"post_tag","embeddable":true,"href":"https:\/\/aguaslindasnoticias.com.br\/index.php\/wp-json\/wp\/v2\/tags?post=5567"}],"curies":[{"name":"wp","href":"https:\/\/api.w.org\/{rel}","templated":true}]}}