{"id":5564,"date":"2023-01-04T10:13:54","date_gmt":"2023-01-04T13:13:54","guid":{"rendered":"https:\/\/aguaslindasnoticias.com.br\/index.php\/2023\/01\/04\/viaduto-na-galeria-dos-estados-ganha-o-maior-arco-iris-do-pais\/"},"modified":"2023-01-04T10:13:54","modified_gmt":"2023-01-04T13:13:54","slug":"viaduto-na-galeria-dos-estados-ganha-o-maior-arco-iris-do-pais","status":"publish","type":"post","link":"https:\/\/aguaslindasnoticias.com.br\/index.php\/2023\/01\/04\/viaduto-na-galeria-dos-estados-ganha-o-maior-arco-iris-do-pais\/","title":{"rendered":"Viaduto na Galeria dos Estados ganha o maior arco-\u00edris do pa\u00eds"},"content":{"rendered":"\n<p>Mais um local de Bras\u00edlia estar\u00e1 nas fotos das redes sociais de turistas e brasilienses. Trata-se do viaduto que fica entre a Galeria dos Estados e o Setor Comercial Sul, que, depois de tr\u00eas meses de trabalho e 216 litros de tinta, exibe cerca de 120 faixas formando um arco-\u00edris nas cores da bandeira do movimento LGBT.<\/p>\n\n\n\n<p>A pintura tem 230 metros de extens\u00e3o. A iniciativa proporciona leveza e alegria ao visual s\u00e9rio e monocrom\u00e1tico dos setores Comercial e Banc\u00e1rio Sul. O viaduto que agora exibe o arco-\u00edris \u00e9 o mesmo que desabou no dia 6 de fevereiro de 2018, tendo sido reinaugurado no final de 2020.<\/p>\n\n\n\n<p>A ideia da pintura come\u00e7ou a surgir em julho de 2021, quando cerca de 120 artistas urbanos que participavam do 4\u00ba Encontro de Graffiti, promovido pela Secretaria de Cultura e Economia Criativa (Secec) e do Comit\u00ea Permanente de Graffiti, pintaram as paredes da galeria.<\/p>\n\n\n\n<figure class=\"wp-block-image\"><img decoding=\"async\" src=\"http:\/\/agenciabrasilia.df.gov.br\/wp-conteudo\/uploads\/2022\/04\/interna-1-scaled.jpg\" alt=\"\" class=\"wp-image-394203\"\/><figcaption>Foram tr\u00eas meses de trabalho e 216 litros de tinta at\u00e9 a pintura do viaduto ser&nbsp; conclu\u00edda | Fotos: Tony Oliveira\/Ag\u00eancia Bras\u00edlia<\/figcaption><\/figure>\n\n\n\n<p>Em outubro, a pasta passou a apoiar a feira No Setor, que acontece aos domingos na Galeria dos Estados. Por \u00faltimo, para tornar o local mais divertido, agrad\u00e1vel e estimular a conviv\u00eancia, a Secec, em parceria com a Associa\u00e7\u00e3o de Educa\u00e7\u00e3o do Homem do Amanh\u00e3 do Brasil (Habra), convidou o coletivo Bras\u00edlia Orgulho para realizar a obra, que tamb\u00e9m contou com a participa\u00e7\u00e3o de moradores de cidade, que puderam pintar e fazer fotos.<\/p>\n\n\n\n<figure class=\"wp-block-image\"><img decoding=\"async\" src=\"http:\/\/agenciabrasilia.df.gov.br\/wp-conteudo\/uploads\/2022\/04\/interna-3-scaled.jpg\" alt=\"\" class=\"wp-image-394205\"\/><figcaption>A iniciativa contou com a participa\u00e7\u00e3o do governo e da sociedade para ser entregue \u00e0 popula\u00e7\u00e3o<\/figcaption><\/figure>\n\n\n\n<p>\u201cA Galeria dos Estados tem um hist\u00f3rico de ocupa\u00e7\u00e3o de diferentes manifesta\u00e7\u00f5es art\u00edsticas e culturais, e esta pintura valoriza ainda mais o espa\u00e7o, a arte urbana e a diversidade\u201d, ressalta a subsecret\u00e1ria de Economia Criativa da Secec, Erica Lewis.<\/p>\n\n\n\n<p>\u201c\u00c9 um novo ponto tur\u00edstico para o DF. V\u00e1rios turistas v\u00e3o querer tirar foto no maior arco-\u00edris LGBT do Brasil. \u00c9 mais uma a\u00e7\u00e3o cultural, e vai al\u00e9m. \u00c9 uma mensagem de respeito \u00e0 diversidade e, do ponto de vista urban\u00edstico, criar\u00e1 uma nova rela\u00e7\u00e3o das pessoas com a cidade\u201d, afirma Welton Trindad, membro do Orgulho Bras\u00edlia.<\/p>\n\n\n\n<p>Os lojistas da Galeria dos Estados aprovaram a iniciativa. Um deles \u00e9 Luiz Gonzaga de Freitas, 70 anos, que tem uma loja de roupas no local. \u201cA pintura \u00e9 bem criativa, s\u00f3 veio acrescentar e deixar o espa\u00e7o melhor. Para n\u00f3s, lojistas, \u00e9 positivo\u201d, destaca Luiz.<\/p>\n\n\n\n<p>Outra que aprovou a arte foi Mariana Pinheiro, 24 anos, que trabalha no Setor Comercial Sul. \u201cEssa pintura complementou os grafites que j\u00e1 existiam. Simplesmente incr\u00edvel. Trouxe mais alegria para quem trabalha aqui\u201d, elogia.<\/p>\n\n\n\n<p>Fonte: Ag\u00eancia Bras\u00edlia<\/p>\n","protected":false},"excerpt":{"rendered":"<p>Mais um local de Bras\u00edlia estar\u00e1 nas fotos das redes sociais de turistas e brasilienses. Trata-se do viaduto que fica entre a Galeria dos Estados e o Setor Comercial Sul, que, depois de tr\u00eas meses de trabalho e 216 litros de tinta, exibe cerca de 120 faixas formando um arco-\u00edris nas cores da bandeira do [&hellip;]<\/p>\n","protected":false},"author":1,"featured_media":0,"comment_status":"open","ping_status":"open","sticky":false,"template":"","format":"standard","meta":{"footnotes":""},"categories":[],"tags":[],"class_list":["post-5564","post","type-post","status-publish","format-standard","hentry"],"_links":{"self":[{"href":"https:\/\/aguaslindasnoticias.com.br\/index.php\/wp-json\/wp\/v2\/posts\/5564","targetHints":{"allow":["GET"]}}],"collection":[{"href":"https:\/\/aguaslindasnoticias.com.br\/index.php\/wp-json\/wp\/v2\/posts"}],"about":[{"href":"https:\/\/aguaslindasnoticias.com.br\/index.php\/wp-json\/wp\/v2\/types\/post"}],"author":[{"embeddable":true,"href":"https:\/\/aguaslindasnoticias.com.br\/index.php\/wp-json\/wp\/v2\/users\/1"}],"replies":[{"embeddable":true,"href":"https:\/\/aguaslindasnoticias.com.br\/index.php\/wp-json\/wp\/v2\/comments?post=5564"}],"version-history":[{"count":0,"href":"https:\/\/aguaslindasnoticias.com.br\/index.php\/wp-json\/wp\/v2\/posts\/5564\/revisions"}],"wp:attachment":[{"href":"https:\/\/aguaslindasnoticias.com.br\/index.php\/wp-json\/wp\/v2\/media?parent=5564"}],"wp:term":[{"taxonomy":"category","embeddable":true,"href":"https:\/\/aguaslindasnoticias.com.br\/index.php\/wp-json\/wp\/v2\/categories?post=5564"},{"taxonomy":"post_tag","embeddable":true,"href":"https:\/\/aguaslindasnoticias.com.br\/index.php\/wp-json\/wp\/v2\/tags?post=5564"}],"curies":[{"name":"wp","href":"https:\/\/api.w.org\/{rel}","templated":true}]}}