{"id":5559,"date":"2023-01-04T10:13:54","date_gmt":"2023-01-04T13:13:54","guid":{"rendered":"https:\/\/aguaslindasnoticias.com.br\/index.php\/2023\/01\/04\/df-abre-oficialmente-campanha-de-vacinacao-contra-gripe-e-sarampo\/"},"modified":"2023-01-04T10:13:54","modified_gmt":"2023-01-04T13:13:54","slug":"df-abre-oficialmente-campanha-de-vacinacao-contra-gripe-e-sarampo","status":"publish","type":"post","link":"https:\/\/aguaslindasnoticias.com.br\/index.php\/2023\/01\/04\/df-abre-oficialmente-campanha-de-vacinacao-contra-gripe-e-sarampo\/","title":{"rendered":"DF abre oficialmente campanha de vacina\u00e7\u00e3o contra gripe e sarampo"},"content":{"rendered":"\n<p>A campanha nacional de vacina\u00e7\u00e3o contra gripe e sarampo foi oficialmente lan\u00e7ada, na tarde desta segunda-feira (4), na Unidade B\u00e1sica de Sa\u00fade (UBS) 2 da Asa Norte. No evento, o secret\u00e1rio de Sa\u00fade do Distrito Federal, general Manoel Pafiadache, refor\u00e7ou a meta de imunizar 90% do p\u00fablico-alvo contra a gripe, que \u00e9 causada pelo v\u00edrus influenza.<\/p>\n\n\n\n<blockquote class=\"wp-block-quote is-layout-flow wp-block-quote-is-layout-flow\"><p>\u201cSe precisar de a\u00e7\u00f5es fora dos nossos hospitais e UBSs, em rodovi\u00e1rias, aeroportos e afins, vamos fazer\u201d \u2013 General Manoel Pafiadache, secret\u00e1rio de Sa\u00fade<\/p><\/blockquote>\n\n\n\n<p>No ano passado, devido \u00e0 pandemia, esse \u00edndice foi de 67,4%. No entanto, o secret\u00e1rio declarou que este ano, para atingir o objetivo, caso seja necess\u00e1rio, a pasta promover\u00e1 imuniza\u00e7\u00e3o fora das unidades de sa\u00fade do DF. Veja os locais de vacina\u00e7\u00e3o contra&nbsp;<a href=\"https:\/\/www.saude.df.gov.br\/vacinacao-influenza\/\" target=\"_blank\" rel=\"noreferrer noopener\">gripe<\/a>&nbsp;e&nbsp;<a href=\"https:\/\/www.saude.df.gov.br\/vacinacao-de-rotina\/\" target=\"_blank\" rel=\"noreferrer noopener\">sarampo<\/a>.<\/p>\n\n\n\n<p>\u201cSe precisar de a\u00e7\u00f5es fora dos nossos hospitais e UBSs, em rodovi\u00e1rias, aeroportos e afins, vamos fazer\u201d, assegurou o gestor. Ele ressaltou ainda que a pasta continuar\u00e1 seguindo o Programa Nacional de Imuniza\u00e7\u00e3o (PNI), do Minist\u00e9rio da Sa\u00fade, bem como as notas t\u00e9cnicas do \u00f3rg\u00e3o. \u201cTudo que fazemos \u00e9 alinhado com o minist\u00e9rio.\u201d<\/p>\n\n\n\n<figure class=\"wp-block-image\"><img decoding=\"async\" src=\"http:\/\/agenciabrasilia.df.gov.br\/wp-conteudo\/uploads\/2022\/04\/Ministro-da-Saude-Queiroga-vacinou-cinco-cidadaos-do-Distrito-Federal-contra-a-influenza.-Foto-Tony-Winston-Agencia-Saude-DF.jpg\" alt=\"\" class=\"wp-image-392628\"\/><figcaption>Tamb\u00e9m presente ao lan\u00e7amento da campanha, o ministro da Sa\u00fade, Marcelo Queiroga, vacinou cinco cidad\u00e3os contra o v\u00edrus influenza, que causa a gripe | Foto: Tony Winston\/Ag\u00eancia Sa\u00fade-DF<\/figcaption><\/figure>\n\n\n\n<p>Tamb\u00e9m presente ao lan\u00e7amento, o ministro da Sa\u00fade, Marcelo Queiroga, exaltou as campanhas de imuniza\u00e7\u00e3o em geral, afirmando que vacinar a popula\u00e7\u00e3o \u00e9 um dever do Estado. \u201cJ\u00e1 pagamos um pre\u00e7o muito alto no passado, quando pessoas morreram por doen\u00e7as absolutamente evit\u00e1veis por campanhas de vacina\u00e7\u00e3o eficientes\u201d, citou.<\/p>\n\n\n\n<p>O ministro falou ainda sobre o sarampo, uma das doen\u00e7as combatidas na atual campanha. \u201cQuando eu era crian\u00e7a, tive sarampo. Como m\u00e9dico, acompanhei casos. E hoje talvez os jovens m\u00e9dicos pediatras n\u00e3o tenham visto sequer um caso de sarampo gra\u00e7as \u00e0s nossas campanhas de vacina\u00e7\u00e3o.\u201d<\/p>\n\n\n\n<p>Ap\u00f3s a fala, Queiroga vacinou cinco cidad\u00e3os do DF contra a gripe. Tamb\u00e9m participaram do lan\u00e7amento da campanha a representante da Organiza\u00e7\u00e3o Pan-Americana da Sa\u00fade (Opas\/OMS) no Brasil, Socorro Gross; o secret\u00e1rio de Gest\u00e3o do Trabalho e da Educa\u00e7\u00e3o na Sa\u00fade do minist\u00e9rio, H\u00e9lio Angotti Neto; o secret\u00e1rio de Vigil\u00e2ncia em Sa\u00fade, Arnaldo Medeiros; e o secret\u00e1rio executivo do minist\u00e9rio, Rodrigo Cruz.<\/p>\n\n\n\n<p><em>*Com informa\u00e7\u00f5es da Secretaria de Sa\u00fade do DF<\/em><\/p>\n\n\n\n<p><strong>Ag\u00eancia Bras\u00edlia* | Edi\u00e7\u00e3o: Rosualdo Rodrigues<\/strong><\/p>\n","protected":false},"excerpt":{"rendered":"<p>A campanha nacional de vacina\u00e7\u00e3o contra gripe e sarampo foi oficialmente lan\u00e7ada, na tarde desta segunda-feira (4), na Unidade B\u00e1sica de Sa\u00fade (UBS) 2 da Asa Norte. No evento, o secret\u00e1rio de Sa\u00fade do Distrito Federal, general Manoel Pafiadache, refor\u00e7ou a meta de imunizar 90% do p\u00fablico-alvo contra a gripe, que \u00e9 causada pelo v\u00edrus [&hellip;]<\/p>\n","protected":false},"author":1,"featured_media":0,"comment_status":"open","ping_status":"open","sticky":false,"template":"","format":"standard","meta":{"footnotes":""},"categories":[],"tags":[],"class_list":["post-5559","post","type-post","status-publish","format-standard","hentry"],"_links":{"self":[{"href":"https:\/\/aguaslindasnoticias.com.br\/index.php\/wp-json\/wp\/v2\/posts\/5559","targetHints":{"allow":["GET"]}}],"collection":[{"href":"https:\/\/aguaslindasnoticias.com.br\/index.php\/wp-json\/wp\/v2\/posts"}],"about":[{"href":"https:\/\/aguaslindasnoticias.com.br\/index.php\/wp-json\/wp\/v2\/types\/post"}],"author":[{"embeddable":true,"href":"https:\/\/aguaslindasnoticias.com.br\/index.php\/wp-json\/wp\/v2\/users\/1"}],"replies":[{"embeddable":true,"href":"https:\/\/aguaslindasnoticias.com.br\/index.php\/wp-json\/wp\/v2\/comments?post=5559"}],"version-history":[{"count":0,"href":"https:\/\/aguaslindasnoticias.com.br\/index.php\/wp-json\/wp\/v2\/posts\/5559\/revisions"}],"wp:attachment":[{"href":"https:\/\/aguaslindasnoticias.com.br\/index.php\/wp-json\/wp\/v2\/media?parent=5559"}],"wp:term":[{"taxonomy":"category","embeddable":true,"href":"https:\/\/aguaslindasnoticias.com.br\/index.php\/wp-json\/wp\/v2\/categories?post=5559"},{"taxonomy":"post_tag","embeddable":true,"href":"https:\/\/aguaslindasnoticias.com.br\/index.php\/wp-json\/wp\/v2\/tags?post=5559"}],"curies":[{"name":"wp","href":"https:\/\/api.w.org\/{rel}","templated":true}]}}