{"id":5558,"date":"2023-01-04T10:13:47","date_gmt":"2023-01-04T13:13:47","guid":{"rendered":"https:\/\/aguaslindasnoticias.com.br\/index.php\/2023\/01\/04\/nova-linha-de-onibus-beneficiara-moradores-da-vila-rabelo-em-sobradinho\/"},"modified":"2023-01-04T10:13:47","modified_gmt":"2023-01-04T13:13:47","slug":"nova-linha-de-onibus-beneficiara-moradores-da-vila-rabelo-em-sobradinho","status":"publish","type":"post","link":"https:\/\/aguaslindasnoticias.com.br\/index.php\/2023\/01\/04\/nova-linha-de-onibus-beneficiara-moradores-da-vila-rabelo-em-sobradinho\/","title":{"rendered":"Nova linha de \u00f4nibus beneficiar\u00e1 moradores da Vila Rabelo, em Sobradinho"},"content":{"rendered":"\n<p>Uma nova linha de \u00f4nibus come\u00e7ar\u00e1 a circular nesta segunda-feira (4) e far\u00e1 percurso circular entre Sobradinho e Sobradinho II e a Vila Rabelo. Os ve\u00edculos da linha 062.9 far\u00e3o 10 viagens di\u00e1rias de segunda a sexta-feira, ajudando no refor\u00e7o ao servi\u00e7o de transporte p\u00fablico prestado na regi\u00e3o administrativa.<\/p>\n\n\n\n<figure class=\"wp-block-image\"><img decoding=\"async\" src=\"http:\/\/www.agenciabrasilia.df.gov.br\/wp-conteudo\/uploads\/2022\/04\/WhatsApp-Image-2022-04-01-at-15.51.36-1024x1024.jpeg\" alt=\"\" class=\"wp-image-392052\"\/><figcaption>Arte: Divulga\u00e7\u00e3o\/Semob<\/figcaption><\/figure>\n\n\n\n<p>O subsecret\u00e1rio de Opera\u00e7\u00f5es da Secretaria de Transporte e Mobilidade (Semob), M\u00e1rcio Ant\u00f4nio de Jesus, explica que o servi\u00e7o foi criado em atendimento \u00e0 solicita\u00e7\u00e3o da Administra\u00e7\u00e3o Regional de Sobradinho. \u201cFizemos reuni\u00e3o com lideran\u00e7as comunit\u00e1rias locais e concordamos com a necessidade de cria\u00e7\u00e3o dessa nova linha, que est\u00e1 autorizada a come\u00e7ar a circular no dia 4 de abril\u201d, afirma.<\/p>\n\n\n\n<p>A linha ser\u00e1 operada pela empresa Piracicabana e a tarifa \u00e9 de R$ 2,70. As viagens ocorrer\u00e3o em dias \u00fateis, com partidas da rodovi\u00e1ria de Sobradinho, \u00e0s 5h15, 6h45, 8h15, 9h35, 11h, 12h25, 13h50, 15h15, 16h40 e 18h05.<\/p>\n\n\n\n<p><strong>Servi\u00e7o<\/strong><br>Cria\u00e7\u00e3o de nova linha de \u00f4nibus: 062.9<br>Rota: Sobradinho e Sobradinho II (Rua 5 \u2013 6)\/Vila Rabelo<br>Hor\u00e1rios: segunda a sexta-feira \u2013 5h15, 6h45, 8h15, 9h35, 11h, 12h25, 13h50, 15h15, 16h40 e 18h05<br>In\u00edcio de circula\u00e7\u00e3o: 4 de abril<br>Empresa: Piracicabana<br>Tarifa: R$ 2,70<\/p>\n\n\n\n<p><em>*Com informa\u00e7\u00f5es da Semob<\/em><\/p>\n\n\n\n<p><strong>Ag\u00eancia Bras\u00edlia* I Edi\u00e7\u00e3o: D\u00e9bora Cronemberger<\/strong><\/p>\n","protected":false},"excerpt":{"rendered":"<p>Uma nova linha de \u00f4nibus come\u00e7ar\u00e1 a circular nesta segunda-feira (4) e far\u00e1 percurso circular entre Sobradinho e Sobradinho II e a Vila Rabelo. Os ve\u00edculos da linha 062.9 far\u00e3o 10 viagens di\u00e1rias de segunda a sexta-feira, ajudando no refor\u00e7o ao servi\u00e7o de transporte p\u00fablico prestado na regi\u00e3o administrativa. O subsecret\u00e1rio de Opera\u00e7\u00f5es da Secretaria [&hellip;]<\/p>\n","protected":false},"author":1,"featured_media":0,"comment_status":"open","ping_status":"open","sticky":false,"template":"","format":"standard","meta":{"footnotes":""},"categories":[],"tags":[],"class_list":["post-5558","post","type-post","status-publish","format-standard","hentry"],"_links":{"self":[{"href":"https:\/\/aguaslindasnoticias.com.br\/index.php\/wp-json\/wp\/v2\/posts\/5558","targetHints":{"allow":["GET"]}}],"collection":[{"href":"https:\/\/aguaslindasnoticias.com.br\/index.php\/wp-json\/wp\/v2\/posts"}],"about":[{"href":"https:\/\/aguaslindasnoticias.com.br\/index.php\/wp-json\/wp\/v2\/types\/post"}],"author":[{"embeddable":true,"href":"https:\/\/aguaslindasnoticias.com.br\/index.php\/wp-json\/wp\/v2\/users\/1"}],"replies":[{"embeddable":true,"href":"https:\/\/aguaslindasnoticias.com.br\/index.php\/wp-json\/wp\/v2\/comments?post=5558"}],"version-history":[{"count":0,"href":"https:\/\/aguaslindasnoticias.com.br\/index.php\/wp-json\/wp\/v2\/posts\/5558\/revisions"}],"wp:attachment":[{"href":"https:\/\/aguaslindasnoticias.com.br\/index.php\/wp-json\/wp\/v2\/media?parent=5558"}],"wp:term":[{"taxonomy":"category","embeddable":true,"href":"https:\/\/aguaslindasnoticias.com.br\/index.php\/wp-json\/wp\/v2\/categories?post=5558"},{"taxonomy":"post_tag","embeddable":true,"href":"https:\/\/aguaslindasnoticias.com.br\/index.php\/wp-json\/wp\/v2\/tags?post=5558"}],"curies":[{"name":"wp","href":"https:\/\/api.w.org\/{rel}","templated":true}]}}