{"id":5555,"date":"2023-01-04T10:13:47","date_gmt":"2023-01-04T13:13:47","guid":{"rendered":"https:\/\/aguaslindasnoticias.com.br\/index.php\/2023\/01\/04\/a-reciclagem-que-transforma-vidas\/"},"modified":"2023-01-04T10:13:47","modified_gmt":"2023-01-04T13:13:47","slug":"a-reciclagem-que-transforma-vidas","status":"publish","type":"post","link":"https:\/\/aguaslindasnoticias.com.br\/index.php\/2023\/01\/04\/a-reciclagem-que-transforma-vidas\/","title":{"rendered":"A reciclagem que transforma vidas"},"content":{"rendered":"\n<h1 class=\"wp-block-heading\"><\/h1>\n\n\n\n<p>Cerca de 1,2 mil catadores do SLU passam a contar com m\u00e1quina que transforma pl\u00e1stico em gr\u00e3os, melhorando o processo de reciclagem na capital e melhorando a renda de centenas de fam\u00edlias<\/p>\n\n\n\n<blockquote class=\"wp-block-quote is-layout-flow wp-block-quote-is-layout-flow\"><p>\u201cO cooperativismo \u00e9 exatamente isso, a uni\u00e3o de esfor\u00e7os. O que compete a n\u00f3s, enquanto governo, \u00e9 dar condi\u00e7\u00f5es para que essas pessoas se desenvolvam cada vez mais, que possam criar seus filhos em condi\u00e7\u00f5es melhores\u201d- Governador Ibaneis Rocha<\/p><\/blockquote>\n\n\n\n<p>\u201cJ\u00e1 pensou o tanto de pl\u00e1stico que vamos retirar das ruas e do meio ambiente e ainda reaproveitar?\u201d O questionamento da catadora de recicl\u00e1veis Maria Eneide Pereira Costa, de 60 anos, ocorreu quando ela viu pela primeira vez a m\u00e1quina de transformar pl\u00e1stico em gr\u00e3os entrar em funcionamento na cooperativa de recicl\u00e1veis que trabalha em Ceil\u00e2ndia.<\/p>\n\n\n\n<p>A entrega deste e de outros equipamentos e maquin\u00e1rios ocorreu nesta segunda-feira (4), com a presen\u00e7a do governador Ibaneis Rocha, na sede da Central Rede Vida e da cooperativa Recicle a Vida!, na QNN 28 da cidade. Maria \u00e9 uma das centenas de profissionais a serem beneficiados com a extrusora \u2013 nome t\u00e9cnico da m\u00e1quina que transforma o pl\u00e1stico \u2013, al\u00e9m de um caminh\u00e3o e 11 ca\u00e7ambas que v\u00e3o ajudar na evolu\u00e7\u00e3o do processo de reciclagem do Distrito Federal.<\/p>\n\n\n\n<figure class=\"wp-block-image\"><img decoding=\"async\" src=\"http:\/\/agenciabrasilia.df.gov.br\/wp-conteudo\/uploads\/2022\/04\/dentro-1_1-scaled.jpg\" alt=\"\" class=\"wp-image-392523\"\/><figcaption>O governador agradeceu as parcerias: \u201cFicamos felizes de ver nossos deputados distritais e federais trabalhando junto \u00e0s cooperativas\u201d | Fotos: Renato Alves\/Ag\u00eancia Bras\u00edlia<\/figcaption><\/figure>\n\n\n\n<p>Fruto de parceria entre os governos local e federal e as cooperativas, a aquisi\u00e7\u00e3o refor\u00e7a o apoio \u00e0 reciclagem no DF. \u201cO cooperativismo \u00e9 exatamente isso, a uni\u00e3o de esfor\u00e7os\u201d, afirmou o governador. \u201cFicamos felizes de ver nossos deputados distritais e federais trabalhando junto \u00e0s cooperativas. O que compete a n\u00f3s, enquanto governo, \u00e9 dar condi\u00e7\u00f5es para que essas pessoas se desenvolvam cada vez mais, que possam criar seus filhos em condi\u00e7\u00f5es melhores. Da minha parte eu digo: contem comigo sempre\u201d.<\/p>\n\n\n\n<p>O apoio dado pelo governo se reflete nas palavras de Maria Eneide. Natural de Catol\u00e9 do Rocha (PB), ela veio para Bras\u00edlia em busca de uma oportunidade, que encontrou na profiss\u00e3o de catadora de recicl\u00e1veis, of\u00edcio ensinado ao filho Jairo Pereira dos Santos, de 26 anos.<\/p>\n\n\n\n<p><strong>Aumento de renda<\/strong><\/p>\n\n\n\n<p>Quem tamb\u00e9m parabenizou a entrega foi o presidente da Central Rede Alternativa, Cleusimar Andrade. \u201c\u00c9 a primeira cooperativa do DF que tem uma m\u00e1quina como essa e que vai atender todas as cooperativas do DF\u201d, disse. \u201cEstamos muito felizes em receber essa m\u00e1quina, que custa mais de R$ 1 milh\u00e3o, e vai agregar valor ao nosso material. Al\u00e9m dos postos de trabalho e da melhoria na quest\u00e3o do meio ambiente, melhoramos a nossa renda\u201d.<\/p>\n\n\n\n<p>Participaram da cerim\u00f4nia o diretor-presidente do Servi\u00e7o de Limpeza Urbana (SLU), Silvio Vieira; os secret\u00e1rios de Governo, Jos\u00e9 Humberto Pires, e de Desenvolvimento Social, Mayara Noronha Rocha; os deputados distritais Rodrigo Delmasso, Fernando Fernandes e Jo\u00e3o Cardoso e a deputada federal Bia Kicis, entre outras autoridades.<\/p>\n\n\n\n<figure class=\"wp-block-image\"><img decoding=\"async\" src=\"http:\/\/agenciabrasilia.df.gov.br\/wp-conteudo\/uploads\/2022\/04\/dentro_3-scaled.jpg\" alt=\"\" class=\"wp-image-392522\"\/><figcaption>Al\u00e9m de um caminh\u00e3o, fazem parte do maquin\u00e1rio 11 ca\u00e7ambas para agilizar o processo de reciclagem<\/figcaption><\/figure>\n\n\n\n<p>\u201cEssa \u00e9 mais uma conquista dos catadores que s\u00f3 vai incrementar ainda mais os servi\u00e7os prestados dentro dos contratos com o SLU\u201d, disse o diretor-presidente do SLU, S\u00edlvio Vieira. \u201cNo evento de hoje assumimos o compromisso de rever alguns pontos do chamamento p\u00fablico de cooperativas de catadores e vamos nos empenhar para atend\u00ea-las da melhor forma poss\u00edvel para que possam continuar prestando um excelente servi\u00e7o para a popula\u00e7\u00e3o.\u201d<\/p>\n\n\n\n<p><strong>Reciclagem levada a s\u00e9rio<\/strong><\/p>\n\n\n\n<blockquote class=\"wp-block-quote is-layout-flow wp-block-quote-is-layout-flow\"><p>Recursos de R$ 17 milh\u00f5es ser\u00e3o empregados para ampliar a atua\u00e7\u00e3o das cooperativas<\/p><\/blockquote>\n\n\n\n<p>Fortalecer as cooperativas e, consequentemente, a reciclagem de res\u00edduos s\u00f3lidos tem sido um compromisso do Governo do Distrito Federal nos \u00faltimos tr\u00eas anos. Diversas iniciativas v\u00eam colaborando para isso, desde a entrega do Complexo de Reciclagem da Estrutural at\u00e9 a amplia\u00e7\u00e3o do n\u00famero de cooperativas que fazem a coleta seletiva no DF.<\/p>\n\n\n\n<p>Recentemente, o SLU lan\u00e7ou um edital para ampliar a atua\u00e7\u00e3o das cooperativas. Atualmente, 11 delas realizam a coleta seletiva em 15 cidades. Com o novo edital, outras oito regi\u00f5es passar\u00e3o a ter o servi\u00e7o porta a porta efetuado por catadores. S\u00e3o 21 lotes, e cada cooperativa poder\u00e1 concorrer a at\u00e9 tr\u00eas. Para 23 regi\u00f5es administrativas, a expectativa \u00e9 contratar 21 cooperativas, com um investimento de R$ 17 milh\u00f5es.<\/p>\n\n\n\n<figure class=\"wp-block-image\"><img decoding=\"async\" src=\"http:\/\/agenciabrasilia.df.gov.br\/wp-conteudo\/uploads\/2022\/04\/dentro-2_1-scaled.jpg\" alt=\"\" class=\"wp-image-392524\"\/><figcaption>Cooperativas de reciclagem do DF foram beneficiadas com a isen\u00e7\u00e3o do IPTU<\/figcaption><\/figure>\n\n\n\n<p>J\u00e1 o Complexo Integrado de Reciclagem ocupa uma \u00e1rea de 80 mil m<sup>2<\/sup>&nbsp;na Estrutural. Possui tr\u00eas galp\u00f5es com capacidade de gerar mais de 750 postos de trabalho para trabalhadores de materiais recicl\u00e1veis. O investimento na obra foi de R$ 21 milh\u00f5es.<\/p>\n\n\n\n<p>Outra medida tomada pelo governador Ibaneis Rocha em favor da categoria \u00e9 a isen\u00e7\u00e3o do IPTU \u00e0s cooperativas, que, com esse benef\u00edcio, poder\u00e3o poupar R$ 500 mil. A instala\u00e7\u00e3o de papa-lixos em todo o DF tamb\u00e9m refor\u00e7a o compromisso da gest\u00e3o com a pauta.<\/p>\n\n\n\n<p><strong>Ian Ferraz, da Ag\u00eancia Bras\u00edlia | Edi\u00e7\u00e3o: Chico Neto<\/strong><\/p>\n","protected":false},"excerpt":{"rendered":"<p>Cerca de 1,2 mil catadores do SLU passam a contar com m\u00e1quina que transforma pl\u00e1stico em gr\u00e3os, melhorando o processo de reciclagem na capital e melhorando a renda de centenas de fam\u00edlias \u201cO cooperativismo \u00e9 exatamente isso, a uni\u00e3o de esfor\u00e7os. O que compete a n\u00f3s, enquanto governo, \u00e9 dar condi\u00e7\u00f5es para que essas pessoas [&hellip;]<\/p>\n","protected":false},"author":1,"featured_media":0,"comment_status":"open","ping_status":"open","sticky":false,"template":"","format":"standard","meta":{"footnotes":""},"categories":[],"tags":[],"class_list":["post-5555","post","type-post","status-publish","format-standard","hentry"],"_links":{"self":[{"href":"https:\/\/aguaslindasnoticias.com.br\/index.php\/wp-json\/wp\/v2\/posts\/5555","targetHints":{"allow":["GET"]}}],"collection":[{"href":"https:\/\/aguaslindasnoticias.com.br\/index.php\/wp-json\/wp\/v2\/posts"}],"about":[{"href":"https:\/\/aguaslindasnoticias.com.br\/index.php\/wp-json\/wp\/v2\/types\/post"}],"author":[{"embeddable":true,"href":"https:\/\/aguaslindasnoticias.com.br\/index.php\/wp-json\/wp\/v2\/users\/1"}],"replies":[{"embeddable":true,"href":"https:\/\/aguaslindasnoticias.com.br\/index.php\/wp-json\/wp\/v2\/comments?post=5555"}],"version-history":[{"count":0,"href":"https:\/\/aguaslindasnoticias.com.br\/index.php\/wp-json\/wp\/v2\/posts\/5555\/revisions"}],"wp:attachment":[{"href":"https:\/\/aguaslindasnoticias.com.br\/index.php\/wp-json\/wp\/v2\/media?parent=5555"}],"wp:term":[{"taxonomy":"category","embeddable":true,"href":"https:\/\/aguaslindasnoticias.com.br\/index.php\/wp-json\/wp\/v2\/categories?post=5555"},{"taxonomy":"post_tag","embeddable":true,"href":"https:\/\/aguaslindasnoticias.com.br\/index.php\/wp-json\/wp\/v2\/tags?post=5555"}],"curies":[{"name":"wp","href":"https:\/\/api.w.org\/{rel}","templated":true}]}}