{"id":5553,"date":"2023-01-04T10:13:47","date_gmt":"2023-01-04T13:13:47","guid":{"rendered":"https:\/\/aguaslindasnoticias.com.br\/index.php\/2023\/01\/04\/m-roots-reune-a-primeira-formacao-do-maskavo-roots-neste-sabado\/"},"modified":"2023-01-04T10:13:47","modified_gmt":"2023-01-04T13:13:47","slug":"m-roots-reune-a-primeira-formacao-do-maskavo-roots-neste-sabado","status":"publish","type":"post","link":"https:\/\/aguaslindasnoticias.com.br\/index.php\/2023\/01\/04\/m-roots-reune-a-primeira-formacao-do-maskavo-roots-neste-sabado\/","title":{"rendered":"M. Roots re\u00fane a primeira forma\u00e7\u00e3o do Maskavo Roots neste s\u00e1bado"},"content":{"rendered":"\n<figure class=\"wp-block-image size-large\"><img decoding=\"async\" src=\"http:\/\/claricegulyas.com.br\/wp-content\/uploads\/2022\/04\/roots-1024x1001.jpg\" alt=\"\" class=\"wp-image-9920\"\/><figcaption>Foto: Lyanna Soares\/Divulga\u00e7\u00e3o<\/figcaption><\/figure>\n\n\n\n<p><em>Show no Minas Bras\u00edlia T\u00eanis Clube (Setor de Clubes Norte) vai comemorar os 27 anos de lan\u00e7amento do ic\u00f4nico \u00e1lbum de estreia de uma das bandas mais importantes do rock brasiliense dos anos 1990. Ingressos continuam \u00e0 venda pelo portal Sympla<\/em><br><br><strong>&nbsp; &nbsp; &nbsp; &nbsp; &nbsp;Est\u00e1 chegando a hora<\/strong>!&nbsp;<strong>Neste&nbsp;s\u00e1bado (9\/4)<\/strong>, a partir das 21h,&nbsp;o&nbsp;<strong>Maskavo Roots<\/strong>, uma das&nbsp;<strong>bandas mais importantes do rock brasiliense dos anos 1990<\/strong>, vai se reunir com sua forma\u00e7\u00e3o (quase) original para&nbsp;apresenta\u00e7\u00e3o \u00fanica&nbsp;no&nbsp;<strong>Minas Bras\u00edlia T\u00eanis Clube<\/strong>&nbsp;(Setor de Clubes Norte). O evento ter\u00e1 a participa\u00e7\u00e3o da tamb\u00e9m brasiliense&nbsp;<strong>Nuggetz<\/strong>&nbsp;com discotecagem do&nbsp;<strong>DJ Debulha<\/strong>. Os ingressos, aos valores de&nbsp;<strong>R$ 25&nbsp;<\/strong>(primeiro lote) e&nbsp;<strong>R$ 28<\/strong>&nbsp;(segundo lote), continuam \u00e0 venda pelo portal&nbsp;<strong>Sympla<\/strong>:&nbsp;<a href=\"https:\/\/bit.ly\/mroots9deabril\" target=\"_blank\" rel=\"noreferrer noopener\">https:\/\/bit.ly\/mroots9deabril<\/a><\/p>\n\n\n\n<p><br>&nbsp; &nbsp; &nbsp; &nbsp; Usando a alcunha&nbsp;<strong>M. Roots<\/strong>,&nbsp;<strong>Marcelo Vourakis<\/strong>&nbsp;e&nbsp;<strong>Joana Duah<\/strong>&nbsp;(vozes),&nbsp;<strong>Carlos Pinduca<\/strong>&nbsp;(guitarra),&nbsp;<strong>Ricardo Marrara<\/strong>&nbsp;(baixo),&nbsp;<strong>Quim<\/strong>&nbsp;(teclados) e&nbsp;<strong>Txotxa<\/strong>&nbsp;(bateria) &#8211; tendo o guitarrista&nbsp;<strong>Rafael Farret<\/strong>&nbsp;(ex-Bois de Geri\u00e3o) como convidado &#8211; v\u00e3o reviver aquela interessante mistura de rock, reggae e ska que marcaram os dois \u00e1lbuns &#8211;&nbsp;<strong>&#8220;Maskavo Roots&#8221;<\/strong>&nbsp;(1995) e&nbsp;<strong>&#8220;Se N\u00e3o Guenta, Por Que Veio?&#8221;<\/strong>&nbsp;(1998) -, de m\u00fasicas contagiantes como &#8220;Tempestade&#8221;, &#8220;Djorous&#8221;, &#8220;Ch\u00e1 Preto&#8221;, &#8220;Escotilha&#8221;, &#8220;Besta Mole&#8221;, &#8220;Blond Problem&#8221; e &#8220;Vaso Chin\u00eas II&#8221;, entre v\u00e1rias outras.<br>&nbsp; &nbsp;<br>&nbsp; &nbsp; &nbsp; &nbsp; \u00c9 bom deixar claro que o&nbsp;<strong>M. Roots<\/strong>&nbsp;<strong>n\u00e3o deve ser confundido com o Maskavo<\/strong>, banda que segue na ativa h\u00e1 mais de 20 anos, fazendo shows em todo o Brasil e lan\u00e7ando diversos discos, com uma sonoridade mais baseada no reggae &#8211; e do qual o guitarrista&nbsp;<strong>Prata<\/strong>&nbsp;\u00e9 o \u00fanico integrante que tamb\u00e9m fez parte da forma\u00e7\u00e3o original do&nbsp;<strong>Maskavo Roots<\/strong>&nbsp;<em>(leia mais abaixo)<\/em>.&nbsp;<br><br><br><strong>SERVI\u00c7O<br><\/strong><strong><br>SHOW M. ROOTS<\/strong>&nbsp;<em>(primeira forma\u00e7\u00e3o do Maskavo Roots)<\/em><br><br><strong>Dia<\/strong>: 9 de abril (s\u00e1bado)<br><strong>Hor\u00e1rio<\/strong>: 21h<br><strong>Local<\/strong>: Minas Bras\u00edlia T\u00eanis Clube (Setor de Clubes Norte)<br><strong>Participa\u00e7\u00f5es:&nbsp;<\/strong>banda Nuggetz + DJ Debulha<br><strong>Ingressos<\/strong>:&nbsp;R$ 25 (primeiro lote) e R$ 28 (segundo lote) \u00e0 venda pelo Sympla &#8211;&nbsp;&nbsp;<a href=\"https:\/\/bit.ly\/mroots9deabril\" target=\"_blank\" rel=\"noreferrer noopener\">https:\/\/bit.ly\/mroots9deabril<\/a><br><strong>Classifica\u00e7\u00e3o indicativa<\/strong>: 18 anos<br><strong>Mais informa\u00e7\u00f5es<\/strong>:&nbsp;<a href=\"http:\/\/www.facebook.com\/events\/508298760919595\" target=\"_blank\" rel=\"noreferrer noopener\">www.facebook.com\/events\/508298760919595<\/a>&nbsp;<br><br>____________________________________________________<\/p>\n\n\n\n<p><br><strong>PARECE QUE FOI ONTEM<\/strong><br><em>(por Carlos Pinduca, guitarrista do Maskavo Roots)<br><\/em>Parece que foi ontem, mas j\u00e1 faz 27 anos que o primeiro disco do&nbsp;<strong>Maskavo Roots<\/strong>&nbsp;foi lan\u00e7ado. Naquela primeira metade dos anos 1990, o rock e o pop brasileiro passavam por uma renova\u00e7\u00e3o e o&nbsp;<strong>Maskavo Roots<\/strong>&nbsp;era uma das cinco novas bandas contratadas pelo prestigioso e hoje lend\u00e1rio selo&nbsp;<strong>Banguela<\/strong>, de propriedade dos Tit\u00e3s. Gravado em outubro e novembro de 1994 e lan\u00e7ado em mar\u00e7o de 1995, com produ\u00e7\u00e3o de Nando Reis e Carlos Eduardo Miranda, o ep\u00f4nimo \u00e1lbum de estreia&nbsp;era tido como sucesso garantido por juntar pop, reggae, ska e rock de uma maneira original e acess\u00edvel ao grande p\u00fablico, sem deixar de manter o respaldo junto \u00e0 cr\u00edtica especializada e aos formadores de opini\u00e3o do meio musical.<\/p>\n\n\n\n<p>&nbsp; &nbsp; &nbsp; &nbsp; O futuro pr\u00f3ximo, portanto, parecia promissor para o&nbsp;<strong>Maskavo Roots<\/strong>: o grupo recebeu o r\u00f3tulo de \u201cBanda Sim MTV\u201d (junto com Planet Hemp, O Rappa, Pato Fu e Virna Lisi), tendo o clipe de &#8220;Tempestade&#8221; veiculado em alta rotatividade na emissora e tamb\u00e9m em redes nacionais de r\u00e1dio, como a Transam\u00e9rica FM. Al\u00e9m disso, o&nbsp;<strong>Maskavo Roots<\/strong>&nbsp;esteve na primeira transmiss\u00e3o ao vivo da MTV Brasil, durante a abertura de um show de Jorge Ben Jor no Gin\u00e1sio do Ibirapuera, em S\u00e3o Paulo. E, para engrossar esse caldo, o Skank passou a tocar a m\u00fasica &#8220;Tempestade&#8221; em suas apresenta\u00e7\u00f5es (m\u00fasica que seria regravada tr\u00eas anos depois pelo Pato Fu no disco &#8220;Televis\u00e3o de Cachorro&#8221;).<br>&nbsp; &nbsp; &nbsp; &nbsp; Mas, por uma daquelas ironias inexplic\u00e1veis do destino, passado esse primeiro bom momento p\u00f3s-lan\u00e7amento, nenhuma das previs\u00f5es positivas para o disco de estreia se concretizou: o&nbsp;<strong>Maskavo Roots<\/strong>&nbsp;enfrentou problemas com empres\u00e1rio, crises internas, m\u00e1 sorte em rela\u00e7\u00e3o \u00e0 pr\u00f3pria situa\u00e7\u00e3o financeira do selo Banguela e acabou por perder tr\u00eas dos seus sete integrantes originais antes mesmo de gravar o segundo disco,&nbsp;<strong>&#8220;Se N\u00e3o Guenta, Por Que Veio?&#8221;<\/strong>, lan\u00e7ado em 1998 pela Sony Music. Em 2000&nbsp;o Maskavo retirou o sobrenome \u201cRoots\u201d, reestruturou sua forma\u00e7\u00e3o e aproximou-se cada vez mais de um estilo \u201creggae-pop\u201d.&nbsp;A reboque da nova sonoridade, o p\u00fablico da banda tamb\u00e9m se renovou e, hoje, o&nbsp;<strong>Maskavo<\/strong>&nbsp;conta apenas com um integrante da forma\u00e7\u00e3o original \u2013 o guitarrista e compositor&nbsp;<strong>Prata<\/strong>.<\/p>\n\n\n\n<p>&nbsp; &nbsp; &nbsp; &nbsp; Por outro lado, o passar dos anos tamb\u00e9m reaproximou os integrantes originais do&nbsp;<strong>Maskavo Roots<\/strong>&nbsp;\u2013&nbsp;<strong>Marcelo Vourakis<\/strong>&nbsp;(voz),&nbsp;<strong>Joana Duah<\/strong>&nbsp;(voz e percuss\u00e3o),&nbsp;<strong>Carlos Pinduca<\/strong>&nbsp;(guitarra),&nbsp;<strong>Ricardo Marrara<\/strong>&nbsp;(baixo),&nbsp;<strong>Quim<\/strong>&nbsp;(teclados e backing vocal)&nbsp;e&nbsp;<strong>Txotxa<\/strong>&nbsp;(bateria). Em 2009, a forma\u00e7\u00e3o original (incluindo o guitarrista&nbsp;<strong>Prata<\/strong>) se apresentou no festival&nbsp;<em>Por\u00e3o do Rock<\/em>, em Bras\u00edlia. E fez mais alguns shows esparsos em Bras\u00edlia e em S\u00e3o Paulo. Em 2015, comemorando os 20 anos do primeiro \u00e1lbum, rolou novo show no clube da Asbac, tendo&nbsp;<strong>Rafael Farret&nbsp;<\/strong>(ex-Bois de Geri\u00e3o) como convidado&nbsp;<em>(foto acima)<\/em>.<\/p>\n\n\n\n<p>&nbsp; &nbsp; &nbsp; &nbsp; Em meio a toda essa hist\u00f3ria por vezes tortuosa, os 27 anos de lan\u00e7amento do \u00e1lbum de estreia do&nbsp;<strong>Maskavo Roots<\/strong>,&nbsp;em 2022, servem como um \u00f3timo pretexto para uma reuni\u00e3o desta primeira forma\u00e7\u00e3o da banda. A ideia \u00e9, al\u00e9m de celebrar a amizade entre os membros originais, divertir tanto o p\u00fablico que acompanhou essa trajet\u00f3ria quanto os novos f\u00e3s que surgiram no decorrer dos anos.&nbsp;<\/p>\n","protected":false},"excerpt":{"rendered":"<p>Show no Minas Bras\u00edlia T\u00eanis Clube (Setor de Clubes Norte) vai comemorar os 27 anos de lan\u00e7amento do ic\u00f4nico \u00e1lbum de estreia de uma das bandas mais importantes do rock brasiliense dos anos 1990. Ingressos continuam \u00e0 venda pelo portal Sympla &nbsp; &nbsp; &nbsp; &nbsp; &nbsp;Est\u00e1 chegando a hora!&nbsp;Neste&nbsp;s\u00e1bado (9\/4), a partir das 21h,&nbsp;o&nbsp;Maskavo Roots, [&hellip;]<\/p>\n","protected":false},"author":1,"featured_media":0,"comment_status":"open","ping_status":"open","sticky":false,"template":"","format":"standard","meta":{"footnotes":""},"categories":[],"tags":[],"class_list":["post-5553","post","type-post","status-publish","format-standard","hentry"],"_links":{"self":[{"href":"https:\/\/aguaslindasnoticias.com.br\/index.php\/wp-json\/wp\/v2\/posts\/5553","targetHints":{"allow":["GET"]}}],"collection":[{"href":"https:\/\/aguaslindasnoticias.com.br\/index.php\/wp-json\/wp\/v2\/posts"}],"about":[{"href":"https:\/\/aguaslindasnoticias.com.br\/index.php\/wp-json\/wp\/v2\/types\/post"}],"author":[{"embeddable":true,"href":"https:\/\/aguaslindasnoticias.com.br\/index.php\/wp-json\/wp\/v2\/users\/1"}],"replies":[{"embeddable":true,"href":"https:\/\/aguaslindasnoticias.com.br\/index.php\/wp-json\/wp\/v2\/comments?post=5553"}],"version-history":[{"count":0,"href":"https:\/\/aguaslindasnoticias.com.br\/index.php\/wp-json\/wp\/v2\/posts\/5553\/revisions"}],"wp:attachment":[{"href":"https:\/\/aguaslindasnoticias.com.br\/index.php\/wp-json\/wp\/v2\/media?parent=5553"}],"wp:term":[{"taxonomy":"category","embeddable":true,"href":"https:\/\/aguaslindasnoticias.com.br\/index.php\/wp-json\/wp\/v2\/categories?post=5553"},{"taxonomy":"post_tag","embeddable":true,"href":"https:\/\/aguaslindasnoticias.com.br\/index.php\/wp-json\/wp\/v2\/tags?post=5553"}],"curies":[{"name":"wp","href":"https:\/\/api.w.org\/{rel}","templated":true}]}}