{"id":5552,"date":"2023-01-04T10:13:47","date_gmt":"2023-01-04T13:13:47","guid":{"rendered":"https:\/\/aguaslindasnoticias.com.br\/index.php\/2023\/01\/04\/a-cia-cidade-dos-bonecos-encantara-o-arte-na-ponte-fechando-o-circuito-de-arte-e-cultura-do-gama\/"},"modified":"2023-01-04T10:13:47","modified_gmt":"2023-01-04T13:13:47","slug":"a-cia-cidade-dos-bonecos-encantara-o-arte-na-ponte-fechando-o-circuito-de-arte-e-cultura-do-gama","status":"publish","type":"post","link":"https:\/\/aguaslindasnoticias.com.br\/index.php\/2023\/01\/04\/a-cia-cidade-dos-bonecos-encantara-o-arte-na-ponte-fechando-o-circuito-de-arte-e-cultura-do-gama\/","title":{"rendered":"A Cia. Cidade dos Bonecos encantar\u00e1 o &#8220;Arte na Ponte&#8221;, fechando o Circuito de Arte e Cultura do Gama"},"content":{"rendered":"\n<figure class=\"wp-block-image size-large\"><img decoding=\"async\" src=\"http:\/\/claricegulyas.com.br\/wp-content\/uploads\/2022\/04\/2-Cia-Cidade-dos-Bonecos-cre\u0301dito-Matheus-Nascimento-926x1024.jpeg\" alt=\"\" class=\"wp-image-9916\"\/><figcaption>Cre\u0301dito: Matheus Nascimento<\/figcaption><\/figure>\n\n\n\n<p><strong>Sorrisos para iluminar a vida<\/strong><br>A Cia. Cidade dos Bonecos encantar\u00e1 o &#8220;Arte na Ponte&#8221;, fechando o Circuito de Arte e Cultura do Gama<\/p>\n\n\n\n<p>Imagine rostos se rendendo ao sorriso solto, que n\u00e3o se preocupa com doen\u00e7as, nem com dificuldades, num mundo em que um objeto se humaniza, por meio de formas animadas. \u00c9 isso que teremos neste s\u00e1bado e domingo (9 e 10\/4), \u00e0s 16h30, o Espa\u00e7o Cultural Cia. Cidade dos Bonecos (Av. Buritis Cond. Esquina do Sol lote 15\/17 Ponte Alta Norte-Gama) receber\u00e1 o espet\u00e1culo &#8220;Contos, Hist\u00f3rias e Can\u00e7\u00f5es&#8221; pelo Projeto Arte na Ponte, que fecha o Circuito de Arte e Cultura do Gama. Antes do fim de semana, na quinta e sexta (7 e 8\/4), em duas sess\u00f5es (9h30 e 14h30), alunos de escolas rurais ser\u00e3o levados ao Espa\u00e7o Cultural para se deleitarem com &nbsp;toda a gra\u00e7a do teatro de bonecos.&nbsp; Entrada franca e classifica\u00e7\u00e3o Livre para todos os p\u00fablicos. O Circuito \u00e9 realizado por meio de um Termo de Fomento da Secretaria de Estado de Cultura e Economia Criativa, do GDF.<\/p>\n\n\n\n<p>O coordenador-geral do Circuito, Domingos Rodrigo, explica que oArte na Ponte \u00e9 uma iniciativa baseada no combate ao isolamento comunicacional e a invisibilidade social das comunidades residentes no Meio Rural, por via da promo\u00e7\u00e3o do acesso \u00e0 arte, cultura e tecnologia. Ser\u00e3o realizadas apresenta\u00e7\u00f5es teatrais espet\u00e1culos de teatro de bonecos na sede da pr\u00f3pria companhia, localizada no N\u00facleo Rural Ponte Alta Norte do Gama, tendo como p\u00fablico alvo alunos de escolas do Campo e fam\u00edlias residentes na regi\u00e3o.<\/p>\n\n\n\n<p>&#8220;Ser\u00e3o quatro sess\u00f5es durante hor\u00e1rio letivo destinadas aos alunos das escolas do &nbsp;campo situadas na regi\u00e3o e duas sess\u00f5es aos fins de semana destinadas aos moradores. Cada sess\u00e3o com 40 minutos de dura\u00e7\u00e3o, sendo destinada uma sess\u00e3o com int\u00e9rprete de Libras para pessoas com defici\u00eancia&#8221;, diz Domingo Rodrigo, que tamb\u00e9m \u00e9 diretor e produtor da Cia. Cidade dos Bonecos.<\/p>\n\n\n\n<p>&#8220;Chegamos ao final do Circuito com grande satisfa\u00e7\u00e3o com tudo, em especial, com as atividades culturais presenciais. Esse contato com os artistas e o p\u00fablico \u00e9 algo \u00fanico e essencial&#8221;, finaliza emocionado.<br><strong>Cronograma Arte na Ponte&nbsp;<\/strong><\/p>\n\n\n\n<figure class=\"wp-block-table\"><table><tbody><tr><td>Data<\/td><td>Hor\u00e1rio<\/td><td>Local<\/td><td>Evento\/ Atividade\/Espet\u00e1culo<\/td><td>Grupo<\/td><\/tr><tr><td>7\/4<\/td><td>9h30 e 14h30Escolas rurais<\/td><td>Espa\u00e7o Cultural Cia. Cidade dos Bonecos<br>Av. Buritis Cond. Esquina do Sol lote 15\/17 Ponte Alta NorteExclusivo para Escolas do Campo<\/td><td>&#8220;Contos, Hist\u00f3rias e Can\u00e7\u00f5es&#8221; (teatro)<\/td><td>Cia. Cidade dos Bonecos<\/td><\/tr><tr><td>8\/4<\/td><td>9h30 e 14h30Escolas rurais<\/td><td>Espa\u00e7o Cultural Cia. Cidade dos Bonecos<br>Av. Buritis Cond. Esquina do Sol lote 15\/17 Ponte Alta NorteExclusivo para Escolas do Campo<\/td><td>&#8220;&#8221;Contos, Hist\u00f3rias e Can\u00e7\u00f5es&#8221; (teatro)<\/td><td>Cia. Cidade dos Bonecos<\/td><\/tr><tr><td>9\/4<\/td><td>16h30Aberto ao p\u00fablico em geral<\/td><td>Espa\u00e7o Cultural Cia. Cidade dos Bonecos<\/td><td>&#8220;Contos, Hist\u00f3rias e Can\u00e7\u00f5es&#8221; (teatro)<\/td><td>Cia. Cidade dos Bonecos<\/td><\/tr><tr><td>10\/4<\/td><td>16h30Aberto ao p\u00fablico em geral<\/td><td>Espa\u00e7o Cultural Cia. Cidade dos Bonecos<\/td><td>&#8220;Contos, Hist\u00f3rias e Can\u00e7\u00f5es&#8221; (teatro)&#8221;<\/td><td>Cia. Cidade dos Bonecos<\/td><\/tr><\/tbody><\/table><\/figure>\n\n\n\n<p><strong>Grupos envolvidos<\/strong><strong>A Associa\u00e7\u00e3o Cultural SONART<\/strong>&nbsp; \u00e9 a respons\u00e1vel pela Coordena\u00e7\u00e3o Geral de Produ\u00e7\u00e3o e Gest\u00e3o Administrativa do projeto. J\u00e1 as apresenta\u00e7\u00f5es ficam por conta dos grupos:<\/p>\n\n\n\n<p><strong>Cia. Cidade dos Bonecos&nbsp;<\/strong>&#8211;&nbsp;&nbsp;Fundada em 2001, desde ent\u00e3o vem produzindo espet\u00e1culos a partir de pesquisas nas linguagens do Teatro de Bonecos, Sombras e Conta\u00e7\u00e3o de Hist\u00f3rias, desenvolvendo a sua pr\u00f3pria dramaturgia e t\u00e9cnicas de manipula\u00e7\u00e3o e constru\u00e7\u00e3o de bonecos. Participou de festivais locais e regionais e realizou projetos de circula\u00e7\u00e3o de espet\u00e1culos por diversas cidades e regi\u00f5es do Brasil. Tem em seu elenco profissionais com forma\u00e7\u00e3o acad\u00eamica, assim como estudantes de Artes C\u00eanicas com intuito de contribuir na forma\u00e7\u00e3o art\u00edstica dos mesmos. Sempre realiza oficinas para alunos e professores de escolas p\u00fablicas com o objetivo de difundir a linguagem do Teatro de Formas Animadas.<br>Servi\u00e7o:&nbsp;<strong>A\u00e7\u00e3o cultural \u201cArte na Ponte\u201d<\/strong>, da Cia. Cidade dos Bonecos, com apresenta\u00e7\u00f5es teatrais pelo&nbsp;<strong>Circuito de Arte e Cultura do Gama&nbsp;<\/strong>Entrada franca e classifica\u00e7\u00e3o Livre para todos os p\u00fablicosQuando:&nbsp;<strong>&nbsp;Para o p\u00fablico em geral &#8211; s\u00e1bado e domingo, 9 e 10 de abril, \u00e0s 16h30<\/strong><strong>&nbsp; &nbsp; &nbsp; &nbsp; &nbsp; &nbsp; &nbsp; &nbsp; Para escolas rurais, quinta e sexta, 7 e 8 de abril, 9h30 e 14h30<\/strong>Onde<strong>:&nbsp;Espa\u00e7o Cultural Cia. Cidade dos Bonecos (Av. Buritis Cond. Esquina do Sol lote 15\/17 Ponte Alta Norte-Gama)<\/strong><strong>O Circuito \u00e9 realizado por meio de um Termo de Fomento da Secretaria de Estado de Cultura e Economia Criativa, do GDF.<\/strong><br><strong>Informa\u00e7\u00f5es: (61) 98492-0361<\/strong><\/p>\n","protected":false},"excerpt":{"rendered":"<p>Sorrisos para iluminar a vidaA Cia. Cidade dos Bonecos encantar\u00e1 o &#8220;Arte na Ponte&#8221;, fechando o Circuito de Arte e Cultura do Gama Imagine rostos se rendendo ao sorriso solto, que n\u00e3o se preocupa com doen\u00e7as, nem com dificuldades, num mundo em que um objeto se humaniza, por meio de formas animadas. \u00c9 isso que [&hellip;]<\/p>\n","protected":false},"author":1,"featured_media":0,"comment_status":"open","ping_status":"open","sticky":false,"template":"","format":"standard","meta":{"footnotes":""},"categories":[],"tags":[],"class_list":["post-5552","post","type-post","status-publish","format-standard","hentry"],"_links":{"self":[{"href":"https:\/\/aguaslindasnoticias.com.br\/index.php\/wp-json\/wp\/v2\/posts\/5552","targetHints":{"allow":["GET"]}}],"collection":[{"href":"https:\/\/aguaslindasnoticias.com.br\/index.php\/wp-json\/wp\/v2\/posts"}],"about":[{"href":"https:\/\/aguaslindasnoticias.com.br\/index.php\/wp-json\/wp\/v2\/types\/post"}],"author":[{"embeddable":true,"href":"https:\/\/aguaslindasnoticias.com.br\/index.php\/wp-json\/wp\/v2\/users\/1"}],"replies":[{"embeddable":true,"href":"https:\/\/aguaslindasnoticias.com.br\/index.php\/wp-json\/wp\/v2\/comments?post=5552"}],"version-history":[{"count":0,"href":"https:\/\/aguaslindasnoticias.com.br\/index.php\/wp-json\/wp\/v2\/posts\/5552\/revisions"}],"wp:attachment":[{"href":"https:\/\/aguaslindasnoticias.com.br\/index.php\/wp-json\/wp\/v2\/media?parent=5552"}],"wp:term":[{"taxonomy":"category","embeddable":true,"href":"https:\/\/aguaslindasnoticias.com.br\/index.php\/wp-json\/wp\/v2\/categories?post=5552"},{"taxonomy":"post_tag","embeddable":true,"href":"https:\/\/aguaslindasnoticias.com.br\/index.php\/wp-json\/wp\/v2\/tags?post=5552"}],"curies":[{"name":"wp","href":"https:\/\/api.w.org\/{rel}","templated":true}]}}